{"id":82749,"date":"2025-09-23T02:15:23","date_gmt":"2025-09-23T02:15:23","guid":{"rendered":"https:\/\/www.europesays.com\/pt\/82749\/"},"modified":"2025-09-23T02:15:23","modified_gmt":"2025-09-23T02:15:23","slug":"mais-de-8-mil-pets-sao-imunizados-no-primeiro-dia-da-campanha-de-vacinacao-antirrabica-prefeitura-de-vitoria","status":"publish","type":"post","link":"https:\/\/www.europesays.com\/pt\/82749\/","title":{"rendered":"Mais de 8 mil pets s\u00e3o imunizados no primeiro dia da Campanha de Vacina\u00e7\u00e3o Antirr\u00e1bica \u2013 Prefeitura de Vit\u00f3ria"},"content":{"rendered":"<p>                      Mais de 8 mil pets s\u00e3o imunizados no primeiro dia da Campanha de Vacina\u00e7\u00e3o Antirr\u00e1bica<\/p>\n<p class=\"data-publicacao\">\n                        Publicada em 22\/09\/2025, \u00e0s 15h50 | Atualizada em 22\/09\/2025, \u00e0s 15h51\n                      <\/p>\n<p class=\"autoria\">\n                        Por Giovana Rebuli Santos (<a href=\"https:\/\/www.vitoria.es.gov.br\/noticia\/mailto:girsantoseirah064+pref.vitoria.es.gov.br\" rel=\"nofollow noopener\" target=\"_blank\">girsantoseira$4h064+pref.vitoria.es.gov.br<\/a>), com edi\u00e7\u00e3o de Andreza Lopes\n                      <\/p>\n<p class=\"colaboradores\">\n                        Com a colabora\u00e7\u00e3o de Thyago Oliveira\n                      <\/p>\n<ul class=\"list-unstyled ods\">\n<li>\n                          <a href=\"https:\/\/observavix.vitoria.es.gov.br\/objetivo\/3\" rel=\"external nofollow noopener\" title=\"Sa\u00fade e bem-estar\" target=\"_blank\"><img loading=\"lazy\" decoding=\"async\" src=\"https:\/\/www.europesays.com\/pt\/wp-content\/uploads\/2025\/08\/ods_3.png\" width=\"50\" height=\"50\" alt=\"Sa\u00fade e bem-estar\"\/><\/a>\n                        <\/li>\n<\/ul>\n<p>\n                        Foto Divulga\u00e7\u00e3o\n                      <\/p>\n<p>                        <img loading=\"lazy\" decoding=\"async\" src=\"https:\/\/www.europesays.com\/pt\/wp-content\/uploads\/2025\/09\/normal@2x.jpg\" width=\"700\" height=\"1244\" alt=\"Primeira etapa da Vacina\u00e7\u00e3o Antirr\u00e1bica em Vit\u00f3ria 2025\" class=\"img-rounded img-responsive sombreado\"\/><\/p>\n<p>\n                      Os tutores de pets de Vit\u00f3ria marcaram presen\u00e7a no primeiro dia da Campanha de Vacina\u00e7\u00e3o Antirr\u00e1bica 2025, realizado no \u00faltimo s\u00e1bado (20), nos bairros S\u00e3o Pedro, Santo Ant\u00f4nio e parte da regi\u00e3o de Maru\u00edpe. Foram 6.012 c\u00e3es e 2.125 gatos imunizados, totalizando 8.137 animais de estima\u00e7\u00e3o protegidos da raiva, n\u00famero superior ao de animais vacinados durante a primeira etapa de 2024, quando 7.455 animais foram imunizados.\u00a0\n                    <\/p>\n<p>\n                      &#8220;A raiva \u00e9 uma \u00e9 uma doen\u00e7a grave e fatal que pode ser transmitida para seres humanos e a vacina\u00e7\u00e3o \u00e9 a forma mais eficaz de prevenir essa doen\u00e7a tanto entre os animais quanto entre as pessoas. Contamos com os demais moradores de Vit\u00f3ria para continuarmos nos protegendo do v\u00edrus da raiva&#8221;, declara a diretora do Centro de Vigil\u00e2ncia em Sa\u00fade Ambiental (CVSA), Wanessa Andrade.\u00a0\n                    <\/p>\n<p>\n                      A Campanha Antirr\u00e1bica ainda ter\u00e1 mais duas etapas em diferentes regi\u00f5es de Vit\u00f3ria nos pr\u00f3ximos s\u00e1bados:\u00a0\n                    <\/p>\n<p>\n                      <strong>Segunda etapa &#8211; 27\/09 (S\u00e1bado) &#8211; 8h \u00e0s 16h30:<\/strong> \u00a0\n                    <\/p>\n<p>\n                      <strong>Regi\u00e3o Continental:<\/strong> Ant\u00f4nio Hon\u00f3rio, Boa Vista, Goiabeiras, Jabour, Jardim Camburi, Jardim da Penha, Maria Ortiz, Mata da Praia, Morada de Camburi, Rep\u00fablica e Solon Borges.\u00a0\n                    <\/p>\n<p>\n                      <strong>Parte da Regi\u00e3o de Maru\u00edpe (2\/2)<\/strong>: Bonfim, Consola\u00e7\u00e3o, Da Penha, de Lourdes, Gurigica, Horto, Itarar\u00e9, Jaburu, Maru\u00edpe, Santa Cec\u00edlia, Santos Dumont, S\u00e3o Benedito, S\u00e3o Crist\u00f3v\u00e3o e Tabuazeiro.\u00a0<br \/>Terceira etapa &#8211; 04\/10 (S\u00e1bado) &#8211; 8h \u00e0s 16h30:\u00a0\n                    <\/p>\n<p>\n                      <strong>Regi\u00e3o do Forte S\u00e3o Jo\u00e3o:<\/strong> Barro Vermelho, Bento Ferreira, Cruzamento, Enseada do Su\u00e1, Forte S\u00e3o Jo\u00e3o, Fradinhos, Ilha de Monte Belo, Ilha de Santa Maria, Ilha do Boi, Ilha do Frade, Jesus de Nazareth, Jucutuquara, Morro S\u00e3o Jos\u00e9, Praia do Canto, Praia do Su\u00e1, Rom\u00e3o, Santa Helena e Santa L\u00facia.\u00a0\n                    <\/p>\n<p>\n                      <strong>Regi\u00e3o do Centro:<\/strong> Cabral, Centro, Do Quadro, Fonte Grande, Ilha do Pr\u00edncipe, Moscoso, Parque Moscoso, Piedade, Santa Clara e Santa Tereza.\u00a0\n                    <\/p>\n<p>                      Prote\u00e7\u00e3o\u00a0<\/p>\n<p>\n                      Todos os c\u00e3es e gatos, a partir de tr\u00eas meses de vida, devem ser vacinados. N\u00e3o existe contraindica\u00e7\u00e3o para vacina\u00e7\u00e3o de cadelas e gatas no cio, prenhas ou em per\u00edodo de amamenta\u00e7\u00e3o. Somente animais em tratamento com antibi\u00f3tico ou anti-inflamat\u00f3rio n\u00e3o devem ser vacinados.\u00a0\n                    <\/p>\n<p>\n                      Para garantir a vacina do pet, o tutor dever\u00e1 levar a carteirinha de seu animal, mas se n\u00e3o tiver, o Centro de Vigil\u00e2ncia em Sa\u00fade Ambiental (CVSA) oferecer\u00e1 uma nova carteirinha no momento da vacina\u00e7\u00e3o.\u00a0\n                    <\/p>\n","protected":false},"excerpt":{"rendered":"Mais de 8 mil pets s\u00e3o imunizados no primeiro dia da Campanha de Vacina\u00e7\u00e3o Antirr\u00e1bica Publicada em 22\/09\/2025,&hellip;\n","protected":false},"author":2,"featured_media":31228,"comment_status":"","ping_status":"","sticky":false,"template":"","format":"standard","meta":{"footnotes":""},"categories":[86],"tags":[1353,21161,21162,61,21164,21159,11948,116,8570,32,21163,33,5891,117,896,21160,2820],"class_list":{"0":"post-82749","1":"post","2":"type-post","3":"status-publish","4":"format-standard","5":"has-post-thumbnail","7":"category-saude","8":"tag-animais","9":"tag-antirrabica","10":"tag-balanco-vacina-antirrabica-primeira-etapa-2025","11":"tag-caes","12":"tag-campanha-vacinacao-antirrabica","13":"tag-cvsa","14":"tag-gatos","15":"tag-health","16":"tag-pet","17":"tag-portugal","18":"tag-primeira-etapa","19":"tag-pt","20":"tag-raiva","21":"tag-saude","22":"tag-saude-publica","23":"tag-vacina-antirrabica","24":"tag-vacinacao"},"share_on_mastodon":{"url":"","error":""},"_links":{"self":[{"href":"https:\/\/www.europesays.com\/pt\/wp-json\/wp\/v2\/posts\/82749","targetHints":{"allow":["GET"]}}],"collection":[{"href":"https:\/\/www.europesays.com\/pt\/wp-json\/wp\/v2\/posts"}],"about":[{"href":"https:\/\/www.europesays.com\/pt\/wp-json\/wp\/v2\/types\/post"}],"author":[{"embeddable":true,"href":"https:\/\/www.europesays.com\/pt\/wp-json\/wp\/v2\/users\/2"}],"replies":[{"embeddable":true,"href":"https:\/\/www.europesays.com\/pt\/wp-json\/wp\/v2\/comments?post=82749"}],"version-history":[{"count":0,"href":"https:\/\/www.europesays.com\/pt\/wp-json\/wp\/v2\/posts\/82749\/revisions"}],"wp:featuredmedia":[{"embeddable":true,"href":"https:\/\/www.europesays.com\/pt\/wp-json\/wp\/v2\/media\/31228"}],"wp:attachment":[{"href":"https:\/\/www.europesays.com\/pt\/wp-json\/wp\/v2\/media?parent=82749"}],"wp:term":[{"taxonomy":"category","embeddable":true,"href":"https:\/\/www.europesays.com\/pt\/wp-json\/wp\/v2\/categories?post=82749"},{"taxonomy":"post_tag","embeddable":true,"href":"https:\/\/www.europesays.com\/pt\/wp-json\/wp\/v2\/tags?post=82749"}],"curies":[{"name":"wp","href":"https:\/\/api.w.org\/{rel}","templated":true}]}}