{"id":82752,"date":"2025-09-23T02:22:13","date_gmt":"2025-09-23T02:22:13","guid":{"rendered":"https:\/\/www.europesays.com\/pt\/82752\/"},"modified":"2025-09-23T02:22:13","modified_gmt":"2025-09-23T02:22:13","slug":"magda-colares-divide-opinioes-com-look-no-casamento-da-filha","status":"publish","type":"post","link":"https:\/\/www.europesays.com\/pt\/82752\/","title":{"rendered":"Magda Colares divide opini\u00f5es com look no casamento da filha"},"content":{"rendered":"<p>A artista pl\u00e1stica e ex-modelo Magda Colares, de 62 anos, dividiu opini\u00f5es ao usar um vestido totalmente rosa com plumas no casamento da cantora Lara Silva, fruto de seu relacionamento com Faust\u00e3o. A cerim\u00f4nia, que marcou a uni\u00e3o da cantora com o apresentador Julinho Casares, aconteceu no \u00faltimo fim de semana em S\u00e3o Paulo.\u00a0<\/p>\n<p>O evento reuniu familiares de ambos os lados. Entre os convidados estavam Faust\u00e3o, que compareceu em cadeira de rodas devido \u00e0 sua recupera\u00e7\u00e3o de problemas de sa\u00fade, al\u00e9m dos pais do noivo, Maria e Julio Casares, atual presidente do S\u00e3o Paulo Futebol Clube.<\/p>\n<p>Embora as imagens do casamento tenham recebido elogios de muitos internautas, o visual escolhido por Magda para o casamento da filha tamb\u00e9m chamou a aten\u00e7\u00e3o e gerou muitos coment\u00e1rios no Instagram. &#8220;A senhora de rosa praticamente tapando a noiva&#8221;, escreveu um usu\u00e1rio. Outro comentou: &#8220;Horr\u00edvel essa roupa da m\u00e3e da noiva, maquiagem pesad\u00edssima e plumas para o dia e ainda mais no calor&#8221;. \u201cA m\u00e3e da noiva&#8230;de rosa&#8230;.passou uma vibe muito maquiav\u00e9lica\u201d, disse uma usu\u00e1ria.\u00a0<\/p>\n<p>Houve tamb\u00e9m quem comentasse que o look de Magda acabou ofuscando a noiva. &#8220;A dona de rosa arrasou. Apagou a noiva&#8221;, disse uma pessoa. &#8220;A pobre da noiva sumiu perto da diva de rosa\u201d, afirmou outra. Alguns internautas foram mais moderados em seus coment\u00e1rios e elogiaram a escolha. &#8220;Muito elegante, apesar da cor do vestido&#8221;, pontuou uma usu\u00e1ria. &#8220;Achei lindo&#8221;, comentou outra. \u00a0&#8220;Certamente a filha deve ter aprovado o modelito. E a mulher est\u00e1 linda&#8221;, escreveu uma terceira.\u00a0<\/p>\n<p>Magda, que normalmente mant\u00e9m dist\u00e2ncia da m\u00eddia, voltou aos holofotes nesta ocasi\u00e3o especial. Atualmente, ela se dedica \u00e0 arte pl\u00e1stica e circula na alta sociedade paulistana com seu trabalho art\u00edstico.<\/p>\n<p>A ex-modelo, que foi casada com Fausto Silva entre 1990 e 2000, mant\u00e9m um ateli\u00ea na capital paulista, onde produz principalmente pinturas em \u00f3leo sobre linho cru. Ela realizou sua primeira exposi\u00e7\u00e3o em 1996 e continua ativa no cen\u00e1rio art\u00edstico. Ela compartilha parte de suas obras em seu perfil aberto nas redes sociais, onde exibe quadros que exploram o corpo humano nu e diferentes t\u00e9cnicas de pintura. A artista tamb\u00e9m mant\u00e9m uma conta privada para momentos pessoais, onde costuma postar fotos com seus c\u00e3es.<\/p>\n","protected":false},"excerpt":{"rendered":"A artista pl\u00e1stica e ex-modelo Magda Colares, de 62 anos, dividiu opini\u00f5es ao usar um vestido totalmente rosa&hellip;\n","protected":false},"author":2,"featured_media":82753,"comment_status":"","ping_status":"","sticky":false,"template":"","format":"standard","meta":{"footnotes":""},"categories":[145],"tags":[1435,211,210,114,115,6456,20359,20358,20752,32,33],"class_list":{"0":"post-82752","1":"post","2":"type-post","3":"status-publish","4":"format-standard","5":"has-post-thumbnail","7":"category-celebridades","8":"tag-casamento","9":"tag-celebridades","10":"tag-celebrities","11":"tag-entertainment","12":"tag-entretenimento","13":"tag-faustao","14":"tag-julinho-casares","15":"tag-lara-silva","16":"tag-magda-colares","17":"tag-portugal","18":"tag-pt"},"share_on_mastodon":{"url":"","error":""},"_links":{"self":[{"href":"https:\/\/www.europesays.com\/pt\/wp-json\/wp\/v2\/posts\/82752","targetHints":{"allow":["GET"]}}],"collection":[{"href":"https:\/\/www.europesays.com\/pt\/wp-json\/wp\/v2\/posts"}],"about":[{"href":"https:\/\/www.europesays.com\/pt\/wp-json\/wp\/v2\/types\/post"}],"author":[{"embeddable":true,"href":"https:\/\/www.europesays.com\/pt\/wp-json\/wp\/v2\/users\/2"}],"replies":[{"embeddable":true,"href":"https:\/\/www.europesays.com\/pt\/wp-json\/wp\/v2\/comments?post=82752"}],"version-history":[{"count":0,"href":"https:\/\/www.europesays.com\/pt\/wp-json\/wp\/v2\/posts\/82752\/revisions"}],"wp:featuredmedia":[{"embeddable":true,"href":"https:\/\/www.europesays.com\/pt\/wp-json\/wp\/v2\/media\/82753"}],"wp:attachment":[{"href":"https:\/\/www.europesays.com\/pt\/wp-json\/wp\/v2\/media?parent=82752"}],"wp:term":[{"taxonomy":"category","embeddable":true,"href":"https:\/\/www.europesays.com\/pt\/wp-json\/wp\/v2\/categories?post=82752"},{"taxonomy":"post_tag","embeddable":true,"href":"https:\/\/www.europesays.com\/pt\/wp-json\/wp\/v2\/tags?post=82752"}],"curies":[{"name":"wp","href":"https:\/\/api.w.org\/{rel}","templated":true}]}}