{"id":82766,"date":"2025-09-23T02:42:17","date_gmt":"2025-09-23T02:42:17","guid":{"rendered":"https:\/\/www.europesays.com\/pt\/82766\/"},"modified":"2025-09-23T02:42:17","modified_gmt":"2025-09-23T02:42:17","slug":"mourinho-ganhava-mais-em-casa-do-que-a-trabalhar-no-benfica-2","status":"publish","type":"post","link":"https:\/\/www.europesays.com\/pt\/82766\/","title":{"rendered":"Mourinho: \u00abGanhava mais em casa do que a trabalhar no Benfica\u00bb"},"content":{"rendered":"<p>\t                Treinador garante que veio para o Benfica porque quer disputar t\u00edtulos<\/p>\n<p><strong>Jos\u00e9 Mourinho, novo treinador do Benfica, fez a antevis\u00e3o ao duelo de ter\u00e7a-feira com o Rio Ave, para a Liga, em confer\u00eancia de imprensa realizada na v\u00e9spera. Mourinho admitiu que est\u00e1 a ganhar menos no Benfica do que o valor que lhe era devido na indemniza\u00e7\u00e3o por despedimento no Fenerbah\u00e7e.<\/strong><\/p>\n<p>Sal\u00e1rio auferido no Benfica<\/p>\n<p>\u00abVou responder de forma dura e crua. Podem acreditar ou n\u00e3o. Se ficasse em casa at\u00e9 ao final da \u00e9poca, ganhava mais do que a trabalhar no Benfica. A\u00a0usufruir da fam\u00edlia, a estar em Londres, a dar umas voltas por a\u00ed, a ir para o Algarve&#8230; nem se pode dizer que estou c\u00e1 gr\u00e1tis, estou c\u00e1 negativo. Voc\u00ea pergunta porqu\u00ea? Porque gosto de trabalhar. Tinha saudades de jogar para t\u00edtulos. N\u00e3o o fiz na Roma, no Fenerbah\u00e7e. \u00c9\u00a0uma oportunidade \u00f3tima enquanto treinador, enquanto pessoa. Estar em casa n\u00e3o \u00e9 para mim. P\u00f4r-me \u00e0 prova, correr riscos, s\u00e3o coisas que me alimentam. Uma mentira repetida muitas vezes pode passar por verdade, mas se ficasse em casa ate junho ganhava mais.\u00bb<br \/>\u00a0<\/p>\n","protected":false},"excerpt":{"rendered":"Treinador garante que veio para o Benfica porque quer disputar t\u00edtulos Jos\u00e9 Mourinho, novo treinador do Benfica, fez&hellip;\n","protected":false},"author":2,"featured_media":82767,"comment_status":"","ping_status":"","sticky":false,"template":"","format":"standard","meta":{"footnotes":""},"categories":[87],"tags":[609,836,611,51,27,607,608,333,832,604,135,610,476,301,830,1385,603,36,570,831,833,7864,62,834,13,835,602,52,32,33,9819,134,29],"class_list":{"0":"post-82766","1":"post","2":"type-post","3":"status-publish","4":"format-standard","5":"has-post-thumbnail","7":"category-desporto","8":"tag-alerta","9":"tag-analise","10":"tag-ao-minuto","11":"tag-benfica","12":"tag-breaking-news","13":"tag-cnn","14":"tag-cnn-portugal","15":"tag-comentadores","16":"tag-costa","17":"tag-crime","18":"tag-desporto","19":"tag-direto","20":"tag-economia","21":"tag-governo","22":"tag-guerra","23":"tag-jose-mourinho","24":"tag-justica","25":"tag-liga","26":"tag-live","27":"tag-mais-vistas","28":"tag-marcelo","29":"tag-mourinho","30":"tag-mundo","31":"tag-negocios","32":"tag-noticias","33":"tag-opiniao","34":"tag-pais","35":"tag-politica","36":"tag-portugal","37":"tag-pt","38":"tag-rio-ave","39":"tag-sports","40":"tag-ultimas"},"share_on_mastodon":{"url":"","error":""},"_links":{"self":[{"href":"https:\/\/www.europesays.com\/pt\/wp-json\/wp\/v2\/posts\/82766","targetHints":{"allow":["GET"]}}],"collection":[{"href":"https:\/\/www.europesays.com\/pt\/wp-json\/wp\/v2\/posts"}],"about":[{"href":"https:\/\/www.europesays.com\/pt\/wp-json\/wp\/v2\/types\/post"}],"author":[{"embeddable":true,"href":"https:\/\/www.europesays.com\/pt\/wp-json\/wp\/v2\/users\/2"}],"replies":[{"embeddable":true,"href":"https:\/\/www.europesays.com\/pt\/wp-json\/wp\/v2\/comments?post=82766"}],"version-history":[{"count":0,"href":"https:\/\/www.europesays.com\/pt\/wp-json\/wp\/v2\/posts\/82766\/revisions"}],"wp:featuredmedia":[{"embeddable":true,"href":"https:\/\/www.europesays.com\/pt\/wp-json\/wp\/v2\/media\/82767"}],"wp:attachment":[{"href":"https:\/\/www.europesays.com\/pt\/wp-json\/wp\/v2\/media?parent=82766"}],"wp:term":[{"taxonomy":"category","embeddable":true,"href":"https:\/\/www.europesays.com\/pt\/wp-json\/wp\/v2\/categories?post=82766"},{"taxonomy":"post_tag","embeddable":true,"href":"https:\/\/www.europesays.com\/pt\/wp-json\/wp\/v2\/tags?post=82766"}],"curies":[{"name":"wp","href":"https:\/\/api.w.org\/{rel}","templated":true}]}}