{"id":82768,"date":"2025-09-23T02:50:08","date_gmt":"2025-09-23T02:50:08","guid":{"rendered":"https:\/\/www.europesays.com\/pt\/82768\/"},"modified":"2025-09-23T02:50:08","modified_gmt":"2025-09-23T02:50:08","slug":"disney-reverte-suspensao-e-anuncia-volta-de-jimmy-kimmel","status":"publish","type":"post","link":"https:\/\/www.europesays.com\/pt\/82768\/","title":{"rendered":"Disney reverte suspens\u00e3o e anuncia volta de Jimmy Kimmel"},"content":{"rendered":"<p class=\"postParagraph_post-paragraph__juWZN\">A Disney, propriet\u00e1ria da ABC, anunciou nesta segunda-feira (22) que o programa de Jimmy Kimmel retornar\u00e1 \u00e0 programa\u00e7\u00e3o da emissora americana na ter\u00e7a-feira (23).<\/p>\n<p class=\"postParagraph_post-paragraph-innerHtml__Q5vwc\">Na quarta-feira passada (17), a ABC <a href=\"https:\/\/www.gazetadopovo.com.br\/mundo\/emissora-suspende-programa-jimmy-kimmel-apos-comentario-acusado-matar-kirk\/\" rel=\"nofollow noopener\" target=\"_blank\">havia anunciado a suspens\u00e3o do programa \u201cpor tempo indeterminado\u201d<\/a>, devido a coment\u00e1rios que o apresentador fez a respeito de Tyler Robinson, preso pela acusa\u00e7\u00e3o de ter matado o influencer conservador Charlie Kirk.<\/p>\n<p class=\"postParagraph_post-paragraph__juWZN\">Segundo informa\u00e7\u00f5es da ag\u00eancia Reuters, a Disney alegou nesta segunda-feira que suspendeu o programa \u201cpara evitar agravar ainda mais uma situa\u00e7\u00e3o tensa em um momento t\u00e3o delicado para o nosso pa\u00eds\u201d e que os coment\u00e1rios de Kimmel \u201cforam inoportunos e, portanto, insens\u00edveis\u201d.<\/p>\n<p class=\"postParagraph_post-paragraph__juWZN\">Por\u00e9m, ap\u00f3s discuss\u00f5es com o apresentador, \u201ctomamos a decis\u00e3o de retornar o programa na ter\u00e7a-feira\u201d, disse a Disney.<\/p>\n<p class=\"postParagraph_post-paragraph__juWZN\">Os coment\u00e1rios de Kimmel que resultaram na suspens\u00e3o haviam sido feitos no seu programa na noite da segunda-feira passada (15).<\/p>\n<p class=\"postParagraph_post-paragraph__juWZN\">\u201cChegamos a novos pontos baixos no fim de semana, com a gangue MAGA [sigla em ingl\u00eas para Fa\u00e7a a Am\u00e9rica Grande de Novo, bord\u00e3o dos apoiadores do presidente Donald Trump] tentando desesperadamente caracterizar o garoto que assassinou Charlie Kirk como algo diferente de um deles e fazendo tudo o que pode para ganhar pontos pol\u00edticos com isso\u201d, disse o apresentador.<\/p>\n<p class=\"postParagraph_post-paragraph__juWZN\">O FBI e autoridades de Utah, onde o crime ocorreu, apontaram que as investiga\u00e7\u00f5es t\u00eam indicado que Robinson seria de esquerda e Trump atribuiu o assassinato de Kirk \u00e0 ret\u00f3rica da \u201cesquerda radical\u201d.<\/p>\n<p class=\"postParagraph_post-paragraph__juWZN\">Ap\u00f3s a fala de Kimmel, a Nexstar Media Group, operadora de 32 afiliadas da ABC, disse que interromperia a exibi\u00e7\u00e3o do programa.<\/p>\n<p class=\"postParagraph_post-paragraph__juWZN\">Antes do an\u00fancio da suspens\u00e3o, o presidente da Comiss\u00e3o Federal de Comunica\u00e7\u00f5es (FCC), Brendan Carr, disse em entrevista ao podcaster Benny Johnson que o coment\u00e1rio de Kimmel representa \u201ca conduta mais doentia poss\u00edvel\u201d e sugeriu que as licen\u00e7as das afiliadas da ABC poderiam ser revogadas se a Disney n\u00e3o punisse o apresentador.<\/p>\n<p class=\"postParagraph_post-paragraph__juWZN\">Na rede Truth Social, Trump comemorou a suspens\u00e3o do programa de Kimmel e pediu que os programas de outros apresentadores que o criticam, como os de Jimmy Fallon e Seth Meyers na NBC, fossem cancelados.<\/p>\n","protected":false},"excerpt":{"rendered":"A Disney, propriet\u00e1ria da ABC, anunciou nesta segunda-feira (22) que o programa de Jimmy Kimmel retornar\u00e1 \u00e0 programa\u00e7\u00e3o&hellip;\n","protected":false},"author":2,"featured_media":82769,"comment_status":"","ping_status":"","sticky":false,"template":"","format":"standard","meta":{"footnotes":""},"categories":[145],"tags":[211,210,1579,92,114,115,14188,32,33],"class_list":{"0":"post-82768","1":"post","2":"type-post","3":"status-publish","4":"format-standard","5":"has-post-thumbnail","7":"category-celebridades","8":"tag-celebridades","9":"tag-celebrities","10":"tag-disney","11":"tag-donald-trump","12":"tag-entertainment","13":"tag-entretenimento","14":"tag-eua-estados-unidos","15":"tag-portugal","16":"tag-pt"},"share_on_mastodon":{"url":"","error":""},"_links":{"self":[{"href":"https:\/\/www.europesays.com\/pt\/wp-json\/wp\/v2\/posts\/82768","targetHints":{"allow":["GET"]}}],"collection":[{"href":"https:\/\/www.europesays.com\/pt\/wp-json\/wp\/v2\/posts"}],"about":[{"href":"https:\/\/www.europesays.com\/pt\/wp-json\/wp\/v2\/types\/post"}],"author":[{"embeddable":true,"href":"https:\/\/www.europesays.com\/pt\/wp-json\/wp\/v2\/users\/2"}],"replies":[{"embeddable":true,"href":"https:\/\/www.europesays.com\/pt\/wp-json\/wp\/v2\/comments?post=82768"}],"version-history":[{"count":0,"href":"https:\/\/www.europesays.com\/pt\/wp-json\/wp\/v2\/posts\/82768\/revisions"}],"wp:featuredmedia":[{"embeddable":true,"href":"https:\/\/www.europesays.com\/pt\/wp-json\/wp\/v2\/media\/82769"}],"wp:attachment":[{"href":"https:\/\/www.europesays.com\/pt\/wp-json\/wp\/v2\/media?parent=82768"}],"wp:term":[{"taxonomy":"category","embeddable":true,"href":"https:\/\/www.europesays.com\/pt\/wp-json\/wp\/v2\/categories?post=82768"},{"taxonomy":"post_tag","embeddable":true,"href":"https:\/\/www.europesays.com\/pt\/wp-json\/wp\/v2\/tags?post=82768"}],"curies":[{"name":"wp","href":"https:\/\/api.w.org\/{rel}","templated":true}]}}