{"id":82814,"date":"2025-09-23T04:15:19","date_gmt":"2025-09-23T04:15:19","guid":{"rendered":"https:\/\/www.europesays.com\/pt\/82814\/"},"modified":"2025-09-23T04:15:19","modified_gmt":"2025-09-23T04:15:19","slug":"sporting-com-triunfo-folgado-sobre-moreirense","status":"publish","type":"post","link":"https:\/\/www.europesays.com\/pt\/82814\/","title":{"rendered":"Sporting com triunfo folgado sobre Moreirense"},"content":{"rendered":"<p>        Quer partilhar este artigo?<\/p>\n<p>      <img decoding=\"async\" itemprop=\"url\" alt=\"\" class=\"img-fluid\"  src=\"https:\/\/www.europesays.com\/pt\/wp-content\/uploads\/2025\/09\/1f6e389d760a31b387a70e9f51a7512a\" \/><\/p>\n<p>               Rodrigo Antunes &#8211; EPA&#13;<\/p>\n<p itemprop=\"description\" class=\"article-lead\">\n      O campe\u00e3o em t\u00edtulo Sporting somou esta segunda-feira o quinto triunfo em seis jogos na edi\u00e7\u00e3o 2025\/26 da I Liga portuguesa de futebol, ao vencer em casa o Moreirense por 3-0, no fecho da sexta jornada.&#13;<br \/>\n&#13;<br \/>\nLuis Su\u00e1rez, aos 76 minutos, e Pedro Gon\u00e7alves, aos 90, ambos de grande penalidade, e o suplente grego Fotis Ioannidis, aos 90+4, apontaram os tentos dos `le\u00f5es`, que regressaram \u00e0s vit\u00f3rias caseiras, ap\u00f3s o 1-2 com o FC Porto.&#13;<br \/>\n&#13;<br \/>\nNa classifica\u00e7\u00e3o, o Sporting \u00e9 segundo, com 15 pontos, a tr\u00eas do l\u00edder 100% vitorioso FC Porto e com mais dois do que o Benfica, que tem um jogo em atraso, enquanto o Moreirense caiu de terceiro para o quinto posto, mantendo-se com 12.&#13;<\/p>\n","protected":false},"excerpt":{"rendered":"Quer partilhar este artigo? Rodrigo Antunes &#8211; EPA&#13; O campe\u00e3o em t\u00edtulo Sporting somou esta segunda-feira o quinto&hellip;\n","protected":false},"author":2,"featured_media":82815,"comment_status":"","ping_status":"","sticky":false,"template":"","format":"standard","meta":{"footnotes":""},"categories":[8],"tags":[27,28,15,16,14,25,26,21,22,12,13,19,20,32,23,24,33,420,421,17,18,29,30,31],"class_list":{"0":"post-82814","1":"post","2":"type-post","3":"status-publish","4":"format-standard","5":"has-post-thumbnail","7":"category-principais-noticias","8":"tag-breaking-news","9":"tag-breakingnews","10":"tag-featured-news","11":"tag-featurednews","12":"tag-headlines","13":"tag-latest-news","14":"tag-latestnews","15":"tag-main-news","16":"tag-mainnews","17":"tag-news","18":"tag-noticias","19":"tag-noticias-principais","20":"tag-noticiasprincipais","21":"tag-portugal","22":"tag-principais-noticias","23":"tag-principaisnoticias","24":"tag-pt","25":"tag-rtp","26":"tag-rtp-noticias","27":"tag-top-stories","28":"tag-topstories","29":"tag-ultimas","30":"tag-ultimas-noticias","31":"tag-ultimasnoticias"},"share_on_mastodon":{"url":"","error":""},"_links":{"self":[{"href":"https:\/\/www.europesays.com\/pt\/wp-json\/wp\/v2\/posts\/82814","targetHints":{"allow":["GET"]}}],"collection":[{"href":"https:\/\/www.europesays.com\/pt\/wp-json\/wp\/v2\/posts"}],"about":[{"href":"https:\/\/www.europesays.com\/pt\/wp-json\/wp\/v2\/types\/post"}],"author":[{"embeddable":true,"href":"https:\/\/www.europesays.com\/pt\/wp-json\/wp\/v2\/users\/2"}],"replies":[{"embeddable":true,"href":"https:\/\/www.europesays.com\/pt\/wp-json\/wp\/v2\/comments?post=82814"}],"version-history":[{"count":0,"href":"https:\/\/www.europesays.com\/pt\/wp-json\/wp\/v2\/posts\/82814\/revisions"}],"wp:featuredmedia":[{"embeddable":true,"href":"https:\/\/www.europesays.com\/pt\/wp-json\/wp\/v2\/media\/82815"}],"wp:attachment":[{"href":"https:\/\/www.europesays.com\/pt\/wp-json\/wp\/v2\/media?parent=82814"}],"wp:term":[{"taxonomy":"category","embeddable":true,"href":"https:\/\/www.europesays.com\/pt\/wp-json\/wp\/v2\/categories?post=82814"},{"taxonomy":"post_tag","embeddable":true,"href":"https:\/\/www.europesays.com\/pt\/wp-json\/wp\/v2\/tags?post=82814"}],"curies":[{"name":"wp","href":"https:\/\/api.w.org\/{rel}","templated":true}]}}