{"id":82962,"date":"2025-09-23T08:47:15","date_gmt":"2025-09-23T08:47:15","guid":{"rendered":"https:\/\/www.europesays.com\/pt\/82962\/"},"modified":"2025-09-23T08:47:15","modified_gmt":"2025-09-23T08:47:15","slug":"porsche-adia-eletricos-e-reforca-a-oferta-de-motores-a-combustao","status":"publish","type":"post","link":"https:\/\/www.europesays.com\/pt\/82962\/","title":{"rendered":"Porsche adia el\u00e9tricos e refor\u00e7a a oferta de motores a combust\u00e3o"},"content":{"rendered":"<p>\n\tMudan\u00e7a de rumo na Porsche. A marca vai adiar o lan\u00e7amento de modelos 100% el\u00e9tricos e refor\u00e7ar a oferta de h\u00edbridos com motor de combust\u00e3o.\n<\/p>\n<p>Depois de v\u00e1rios sinais de que os planos de eletrifica\u00e7\u00e3o da <a href=\"https:\/\/www.razaoautomovel.com\/etiqueta\/porsche\" rel=\"nofollow noopener\" target=\"_blank\">Porsche<\/a> poderiam n\u00e3o estar a correr como previsto \u2014 <a href=\"https:\/\/www.razaoautomovel.com\/noticias\/industria-adiamento-porsche-718-cayman-boxster-eletricos-2027\" rel=\"nofollow noopener\" target=\"_blank\">incluindo o atraso no lan\u00e7amento dos 718 Boxster e Cayman 100% el\u00e9tricos<\/a> \u2014, o construtor confirmou agora as suspeitas.<\/p>\n<p>Em <a href=\"https:\/\/newsroom.porsche.com\/en\/2025\/company\/porsche-realignment-product-strategy-40594.html\" target=\"_blank\" rel=\"noreferrer noopener nofollow\">comunicado<\/a>, a marca anunciou que \u201crealinhou a sua estrat\u00e9gia de produto\u201d, que passar\u00e1 a ser \u201cespecialmente complementada por ve\u00edculos com motores de combust\u00e3o\u201d.<\/p>\n<p>Posto isto, o novo SUV da marca previsto para um segmento acima do Cayenne (conhecido pelo nome de c\u00f3digo K1) e que, at\u00e9 agora, se esperava ser 100% el\u00e9trico, ser\u00e1 inicialmente lan\u00e7ado com sistemas h\u00edbridos plug-in (com motores de combust\u00e3o), devido \u00e0s atuais condi\u00e7\u00f5es do mercado.<\/p>\n<p><img loading=\"lazy\" decoding=\"async\" width=\"2048\" height=\"1152\" src=\"data:image\/svg+xml,%3Csvg%20xmlns=\" http:=\"\" alt=\"Porsche Cayenne Electric - frente\" class=\"wp-image-1038063\" data-lazy- data-lazy- data-lazy-src=\"https:\/\/www.europesays.com\/pt\/wp-content\/uploads\/2025\/09\/Porsche-Cayenne-Electric-01.webp.webp\"\/>\u00a9 Porsche Porsche Cayenne Electric ser\u00e1 lan\u00e7ado no mercado ainda antes do final do ano.<\/p>\n<p>\u201cEstamos a viver mudan\u00e7as enormes no setor autom\u00f3vel. Por isso, estamos a realinhar a Porsche em toda a sua gama\u201d, afirmou Oliver Blume, diretor-executivo da Porsche e do Grupo Volkswagen. \u201cQueremos responder \u00e0s novas realidades do mercado e \u00e0s exig\u00eancias dos nossos clientes\u201d, disse.<\/p>\n<p>Modelos j\u00e1 existentes, como o Panamera e o Cayenne, v\u00e3o manter-se dispon\u00edveis em vers\u00f5es com motor de combust\u00e3o at\u00e9 meados da pr\u00f3xima d\u00e9cada. A marca j\u00e1 incluiu no seu \u201cCycle Plan\u201d (plano de produto de longo prazo) as pr\u00f3ximas gera\u00e7\u00f5es destes modelos, garantindo a sua continuidade.<\/p>\n<p>Descubra o seu pr\u00f3ximo autom\u00f3vel:<\/p>\n<p>Em julho, Blume revelou ainda que, em 2028, <a href=\"https:\/\/www.razaoautomovel.com\/noticias\/antevisao-porsche-macan-combustao-regressa-em-2028\/\" rel=\"nofollow noopener\" target=\"_blank\">a Porsche planeia lan\u00e7ar o substituto do Macan a gasolina<\/a>, que dever\u00e1 ser equipado com motores de combust\u00e3o e sistemas h\u00edbridos plug-in.<\/p>\n<p>Para al\u00e9m disso, a marca da Estugarda tomou ainda a decis\u00e3o de adiar o desenvolvimento da sua nova plataforma exclusiva para ve\u00edculos el\u00e9tricos, que estava prevista para o final desta d\u00e9cada. Esta decis\u00e3o dever\u00e1 ter um custo para a marca de 1,8 mil milh\u00f5es de euros. Ainda assim, a Porsche vai continuar a atualizar a sua gama de el\u00e9tricos atual: Taycan, Macan, Cayenne Electric e o 718.<\/p>\n<p>\u201cEstas medidas v\u00e3o apoiar os resultados financeiros nos pr\u00f3ximos anos, mas, para j\u00e1, v\u00e3o gerar custos adicionais\u201d, revelou o executivo. A marca espera despesas extraordin\u00e1rias de cerca de 3,1 mil milh\u00f5es de euros para o exerc\u00edcio de 2025, relacionadas com a mudan\u00e7a de estrat\u00e9gia.<\/p>\n<p>Rutura na Porsche<\/p>\n<p>N\u00e3o \u00e9 s\u00f3 a procura por <a href=\"https:\/\/www.razaoautomovel.com\/etiqueta\/eletricos\/\" rel=\"nofollow noopener\" target=\"_blank\">el\u00e9tricos<\/a> aqu\u00e9m das expectativas que est\u00e1 a impactar os n\u00fameros da Porsche. As tarifas de importa\u00e7\u00e3o nos EUA e a retra\u00e7\u00e3o do mercado de luxo na China t\u00eam agravado o clima de instabilidade na empresa.<\/p>\n<p>A nova estrat\u00e9gia dever\u00e1 compensar parcialmente estes impactos, levando a marca a rever em baixa as metas para 2025: lucro operacional de 2% (as previs\u00f5es anteriores andavam entre os 5% e os 7%).<\/p>\n<p>\u201cCom uma combina\u00e7\u00e3o de motores de combust\u00e3o, sistemas h\u00edbridos plug-in e ve\u00edculos 100% el\u00e9tricos, queremos responder a toda a gama de exig\u00eancias dos clientes. A m\u00e9dio prazo, esta abordagem visa apoiar o nosso modelo de neg\u00f3cio e refor\u00e7ar a nossa posi\u00e7\u00e3o no mercado\u201d, concluiu Blume.<\/p>\n<p>O Grupo Volkswagen, que det\u00e9m 75,4% da Porsche, revelou que esta altera\u00e7\u00e3o estrat\u00e9gica ter\u00e1 um impacto financeiro de 5,1 mil milh\u00f5es de euros.<\/p>\n<p>Paralelamente, cresce a press\u00e3o para que Oliver Blume abandone a lideran\u00e7a da marca da Estugarda. Segundo a revista alem\u00e3 <a href=\"https:\/\/www.wiwo.de\/unternehmen\/auto\/porsche-oliver-blume-will-posten-als-vorstandschef-aufgeben\/100150828.html\" target=\"_blank\" rel=\"noreferrer noopener nofollow\">WirtschaftsWoche<\/a>, o novo diretor-executivo dever\u00e1 ser anunciado no outono, assumindo as suas fun\u00e7\u00f5es no in\u00edcio de 2026.<\/p>\n<p>\t\t\tSabe esta resposta?<br \/>\n\t\t\tEm que ic\u00f3nica decora\u00e7\u00e3o da Porsche \u00e9 inspirada a decora\u00e7\u00e3o do Pacote Rallye Design do 911 Dakar?<\/p>\n<p>\n\t\t\t\t\t\t\t\t\t\t\tMartini Racing<br \/>\n\t\t\t\t\t\t\t\t\t\t\tRothmans<br \/>\n\t\t\t\t\t\t\t\t\t\t\tJ\u00e4germeister\n\t\t\t\t\t\t\t\t\t<\/p>\n","protected":false},"excerpt":{"rendered":"Mudan\u00e7a de rumo na Porsche. A marca vai adiar o lan\u00e7amento de modelos 100% el\u00e9tricos e refor\u00e7ar a&hellip;\n","protected":false},"author":2,"featured_media":82963,"comment_status":"","ping_status":"","sticky":false,"template":"","format":"standard","meta":{"footnotes":""},"categories":[83],"tags":[88,89,428,90,295,16987,4311,32,33],"class_list":{"0":"post-82962","1":"post","2":"type-post","3":"status-publish","4":"format-standard","5":"has-post-thumbnail","7":"category-empresas","8":"tag-business","9":"tag-economy","10":"tag-eletricos","11":"tag-empresas","12":"tag-industria","13":"tag-motores-de-combustao","14":"tag-porsche","15":"tag-portugal","16":"tag-pt"},"share_on_mastodon":{"url":"","error":""},"_links":{"self":[{"href":"https:\/\/www.europesays.com\/pt\/wp-json\/wp\/v2\/posts\/82962","targetHints":{"allow":["GET"]}}],"collection":[{"href":"https:\/\/www.europesays.com\/pt\/wp-json\/wp\/v2\/posts"}],"about":[{"href":"https:\/\/www.europesays.com\/pt\/wp-json\/wp\/v2\/types\/post"}],"author":[{"embeddable":true,"href":"https:\/\/www.europesays.com\/pt\/wp-json\/wp\/v2\/users\/2"}],"replies":[{"embeddable":true,"href":"https:\/\/www.europesays.com\/pt\/wp-json\/wp\/v2\/comments?post=82962"}],"version-history":[{"count":0,"href":"https:\/\/www.europesays.com\/pt\/wp-json\/wp\/v2\/posts\/82962\/revisions"}],"wp:featuredmedia":[{"embeddable":true,"href":"https:\/\/www.europesays.com\/pt\/wp-json\/wp\/v2\/media\/82963"}],"wp:attachment":[{"href":"https:\/\/www.europesays.com\/pt\/wp-json\/wp\/v2\/media?parent=82962"}],"wp:term":[{"taxonomy":"category","embeddable":true,"href":"https:\/\/www.europesays.com\/pt\/wp-json\/wp\/v2\/categories?post=82962"},{"taxonomy":"post_tag","embeddable":true,"href":"https:\/\/www.europesays.com\/pt\/wp-json\/wp\/v2\/tags?post=82962"}],"curies":[{"name":"wp","href":"https:\/\/api.w.org\/{rel}","templated":true}]}}