{"id":83215,"date":"2025-09-23T12:44:09","date_gmt":"2025-09-23T12:44:09","guid":{"rendered":"https:\/\/www.europesays.com\/pt\/83215\/"},"modified":"2025-09-23T12:44:09","modified_gmt":"2025-09-23T12:44:09","slug":"eclipse-solar-de-maior-duracao-do-seculo-vai-acontecer-em-2027","status":"publish","type":"post","link":"https:\/\/www.europesays.com\/pt\/83215\/","title":{"rendered":"Eclipse solar de maior dura\u00e7\u00e3o do s\u00e9culo vai acontecer em 2027"},"content":{"rendered":"<p><img decoding=\"async\" fetchpriority=\"high\" src=\"https:\/\/www.europesays.com\/pt\/wp-content\/uploads\/2025\/09\/atis15yvb6a0gd9ojxz5qd7nf.jpg\" width=\"906\" height=\"509\" alt=\"Eclipse mais longo do s\u00e9culo se aproxima; saiba quando ser\u00e1\" title=\"Eclipse mais longo do s\u00e9culo se aproxima; saiba quando ser\u00e1\"\/>FreePik<\/p>\n<p>Eclipse mais longo do s\u00e9culo se aproxima; saiba quando ser\u00e1<\/p>\n<p>Um <strong>eclipse solar total<\/strong> que dever\u00e1 proporcionar mais de seis minutos de escurid\u00e3o absoluta, est\u00e1 previsto para ocorrer no dia <strong>2 de agosto de 2027<\/strong> e j\u00e1 \u00e9 considerado o maior espet\u00e1culo astron\u00f4mico do s\u00e9culo 21. O fen\u00f4meno, j\u00e1 confirmado pela NASA, poder\u00e1 ser visto do hemisf\u00e9rio oriental.<\/p>\n<ul>\n<li>Confira outros fatos sobre eclipses, clicando <a href=\"https:\/\/ultimosegundo.ig.com.br\/ciencia\/2025-09-12\/eclipse-solar-parcial-setembro-fenomeno-curioso.html\" target=\"_blank\" rel=\"noopener nofollow\" data-mce-href=\"https:\/\/ultimosegundo.ig.com.br\/ciencia\/2025-09-12\/eclipse-solar-parcial-setembro-fenomeno-curioso.html\" data-mce->aqui<\/a>.<\/li>\n<\/ul>\n<p>Em quais lugares ser\u00e1 poss\u00edvel observar o eclipse solar?<\/p>\n<p>Apesar de v\u00e1rias regi\u00f5es da Europa, \u00c1frica e sul da \u00c1sia poderem acompanhar o eclipse de forma parcial, a totalidade \u2014 momento em que a Lua encobre inteiramente o Sol \u2014 <strong>ser\u00e1 vis\u00edvel em apenas uma faixa estreita que atravessar\u00e1 dez pa\u00edses.<\/strong><\/p>\n<p>De acordo com o site Eclipse Wise, essa linha de sombra passar\u00e1 por Espanha, Marrocos, Arg\u00e9lia, Tun\u00edsia, L\u00edbia, Egito, Sud\u00e3o, Ar\u00e1bia Saudita, I\u00eamen e Som\u00e1lia.<\/p>\n<p>Qual ser\u00e1 a dura\u00e7\u00e3o do eclipse solar?<\/p>\n<p>Segundo o portal Space, o fen\u00f4meno vem sendo conhecido como o <strong>\u201ceclipse do s\u00e9culo\u201d<\/strong> devido a dura\u00e7\u00e3o incomum do fen\u00f4meno. A fase de totalidade poder\u00e1 alcan\u00e7ar at\u00e9 <strong>6 minutos e 23 segundos<\/strong>,\u00a0sendo assim considerado\u00a0o maior per\u00edodo de totalidade sobre terra firme em todo o s\u00e9culo XXI.<\/p>\n<p>Ainda assim, o eclipse de 2027 deve superar o tempo estimado, o que vai oferecer uma oportunidade \u00fanica tanto para observadores quanto para pesquisadores.<\/p>\n<p>Para compara\u00e7\u00e3o, o eclipse total de abril de 2024, que atravessou a Am\u00e9rica do Norte, teve dura\u00e7\u00e3o m\u00e1xima de 4 minutos e 28 segundos.<\/p>\n<p>Al\u00e9m da dura\u00e7\u00e3o prolongada, o eclipse de 2027 tamb\u00e9m ter\u00e1 uma faixa de totalidade maior do que o normal. Isso vai ocorrer porque a Lua estar\u00e1 em seu ponto mais pr\u00f3ximo da Terra, o chamado <strong>perigeu<\/strong>, o que deve ampliar a \u00e1rea de sombra projetada.<\/p>\n<p>No dia 2 de agosto, essa faixa ter\u00e1 cerca de 258 quil\u00f4metros de largura e se estender\u00e1 por mais de 15 mil quil\u00f4metros sobre a superf\u00edcie terrestre. No total, a sombra cobrir\u00e1 2,5 milh\u00f5es de quil\u00f4metros quadrados da superf\u00edcie terrestre.<\/p>\n<p>Como acontece um eclipse solar?<\/p>\n<p>Segundo a NASA, o eclipse \u00e9 um fen\u00f4meno\u00a0celeste capaz de causar admira\u00e7\u00e3o ao mudar drasticamente a apar\u00eancia do Sol e da Lua, os dois corpos mais vis\u00edveis no c\u00e9u.<\/p>\n<p>O eclipse solar ocorre quando a Lua se posiciona entre o Sol e a Terra, projetando uma sombra sobre o planeta que bloqueia, de forma total ou parcial, a luz solar em determinadas regi\u00f5es.\u00a0<\/p>\n<p>Esse evento n\u00e3o \u00e9 frequente,\u00a0j\u00e1 que a \u00f3rbita da Lua n\u00e3o est\u00e1 no mesmo plano exato da Terra e do Sol. O per\u00edodo em que esse alinhamento se torna poss\u00edvel s\u00e3o chamados de <strong>temporadas de eclipses<\/strong>, que acontecem duas vezes ao ano.<\/p>\n","protected":false},"excerpt":{"rendered":"FreePik Eclipse mais longo do s\u00e9culo se aproxima; saiba quando ser\u00e1 Um eclipse solar total que dever\u00e1 proporcionar&hellip;\n","protected":false},"author":2,"featured_media":83216,"comment_status":"","ping_status":"","sticky":false,"template":"","format":"standard","meta":{"footnotes":""},"categories":[84],"tags":[21268,109,107,108,2173,21267,32,33,105,103,104,8520,106,110],"class_list":{"0":"post-83215","1":"post","2":"type-post","3":"status-publish","4":"format-standard","5":"has-post-thumbnail","7":"category-ciencia-e-tecnologia","8":"tag-21268","9":"tag-ciencia","10":"tag-ciencia-e-tecnologia","11":"tag-cienciaetecnologia","12":"tag-eclipse","13":"tag-longa-duracao","14":"tag-portugal","15":"tag-pt","16":"tag-science","17":"tag-science-and-technology","18":"tag-scienceandtechnology","19":"tag-solar","20":"tag-technology","21":"tag-tecnologia"},"share_on_mastodon":{"url":"","error":""},"_links":{"self":[{"href":"https:\/\/www.europesays.com\/pt\/wp-json\/wp\/v2\/posts\/83215","targetHints":{"allow":["GET"]}}],"collection":[{"href":"https:\/\/www.europesays.com\/pt\/wp-json\/wp\/v2\/posts"}],"about":[{"href":"https:\/\/www.europesays.com\/pt\/wp-json\/wp\/v2\/types\/post"}],"author":[{"embeddable":true,"href":"https:\/\/www.europesays.com\/pt\/wp-json\/wp\/v2\/users\/2"}],"replies":[{"embeddable":true,"href":"https:\/\/www.europesays.com\/pt\/wp-json\/wp\/v2\/comments?post=83215"}],"version-history":[{"count":0,"href":"https:\/\/www.europesays.com\/pt\/wp-json\/wp\/v2\/posts\/83215\/revisions"}],"wp:featuredmedia":[{"embeddable":true,"href":"https:\/\/www.europesays.com\/pt\/wp-json\/wp\/v2\/media\/83216"}],"wp:attachment":[{"href":"https:\/\/www.europesays.com\/pt\/wp-json\/wp\/v2\/media?parent=83215"}],"wp:term":[{"taxonomy":"category","embeddable":true,"href":"https:\/\/www.europesays.com\/pt\/wp-json\/wp\/v2\/categories?post=83215"},{"taxonomy":"post_tag","embeddable":true,"href":"https:\/\/www.europesays.com\/pt\/wp-json\/wp\/v2\/tags?post=83215"}],"curies":[{"name":"wp","href":"https:\/\/api.w.org\/{rel}","templated":true}]}}