{"id":83310,"date":"2025-09-23T13:59:07","date_gmt":"2025-09-23T13:59:07","guid":{"rendered":"https:\/\/www.europesays.com\/pt\/83310\/"},"modified":"2025-09-23T13:59:07","modified_gmt":"2025-09-23T13:59:07","slug":"russia-acusa-europa-de-estar-a-preparar-se-para-ocupar-a-moldova","status":"publish","type":"post","link":"https:\/\/www.europesays.com\/pt\/83310\/","title":{"rendered":"R\u00fassia acusa Europa de estar a preparar-se para ocupar a Moldova"},"content":{"rendered":"<p>&#13;<br \/>\n&#8220;Os burocratas europeus em Bruxelas est\u00e3o determinados a manter a Moldova no caminho das suas pol\u00edticas &#8220;russof\u00f3bicas&#8221;. <b>Planeiam faz\u00ea-lo a qualquer custo, incluindo com o envio de tropas e a ocupa\u00e7\u00e3o efetiva do pa\u00eds&#8221;<\/b>, escreve o Servi\u00e7o de Informa\u00e7\u00f5es Estrangeiras da R\u00fassia, sugerindo que a ocupa\u00e7\u00e3o europeia <b>&#8220;poder\u00e1 ser implementada ap\u00f3s as elei\u00e7\u00f5es legislativas na Moldova&#8221;<\/b>, agendadas para o pr\u00f3ximo domingo.&#13;\n<\/p>\n<p>&#13;<br \/>\nSegundo o servi\u00e7o de informa\u00e7\u00f5es russo, &#8220;nesta fase, os pa\u00edses membros &#13;<br \/>\nda NATO est\u00e3o a concentrar unidades das suas for\u00e7as armadas na Rom\u00e9nia, &#13;<br \/>\nperto das fronteiras da Moldova&#8221;, um cen\u00e1rio que tem sido sucessivamente ensaiado em exerc\u00edcios militares conduzidos pela NATO na Rom\u00e9nia, explica.\u00a0&#13;\n<\/p>\n<p>&#13;<br \/>\nKremlim acusado de tentativa de interfer\u00eancia\u00a0&#13;\n<\/p>\n<p>&#13;<br \/>\nNeste comunicado, o servi\u00e7o de informa\u00e7\u00f5es do Kremlin considera que <b>&#8220;as autoridades europeias temem que a falsifica\u00e7\u00e3o indecorosa dos resultados eleitorais, preparada por Bruxelas e Chisinau, obrigue os cidad\u00e3os moldavos desesperados a sair \u00e0 rua para defender os seus direitos<\/b>&#8220;.&#13;\n<\/p>\n<p>&#13;<br \/>\nSegundo a mesma fonte, Bruxelas n\u00e3o tem qualquer inten\u00e7\u00e3o de abandonar os seus planos de ocupa\u00e7\u00e3o da Moldova &#8220;mesmo\u00a0que o desenvolvimento da situa\u00e7\u00e3o ap\u00f3s as elei\u00e7\u00f5es n\u00e3o exija interfer\u00eancia estrangeira&#8221;.&#13;\n<\/p>\n<p>&#13;<br \/>\nNeste caso, acrescenta-se no comunicado, a pedido da presidente moldava, Maia Sandu, <b>&#8220;as for\u00e7as armadas dos Estados europeus ter\u00e3o de for\u00e7ar os moldavos a resignarem-se a uma ditadura apresentada como uma eurodemocracia&#8221;<\/b>.<br \/>&#13;\n<\/p>\n<p>&#13;<br \/>\nA presidente moldava, Maia Sandu, acusou a R\u00fassia de estar a tentar interferir nas elei\u00e7\u00f5es moldavas do pr\u00f3ximo domingo, 28 de setembro, alegando que Moscovo est\u00e1 a gastar &#8220;centenas de milh\u00f5es de euros&#8221; para comprar votos e espalhar desinforma\u00e7\u00e3o.&#13;\n<\/p>\n<p>&#13;<br \/>\nCentenas de buscas em todo o pa\u00eds\u00a0\u00a0<br \/>&#13;\n<\/p>\n<p>&#13;<br \/>\nAs declara\u00e7\u00f5es de Maia Sandu surgiram depois das autoridades terem realizado, na segunda-feira<b>, mais de 250 buscas em todo o pa\u00eds contra suspeitos ligados ao Kremlin.<\/b> Foram tamb\u00e9m realizadas buscas em centros de deten\u00e7\u00e3o e pris\u00f5es moldavas.&#13;\n<\/p>\n<p>&#13;<br \/>\nPor sua vez, o l\u00edder da oposi\u00e7\u00e3o Igor Dodon, do Partido Socialista pr\u00f3-R\u00fassia, rejeitou as acusa\u00e7\u00f5es como &#8220;teatro pol\u00edtico&#8221; e acusou o governo de Maia Sandu de estar a usar t\u00e1ticas de invas\u00e3o e intimida\u00e7\u00e3o por medo de perder a vota\u00e7\u00e3o.\u00a0&#13;\n<\/p>\n<p>&#13;<br \/>\nAs pr\u00f3ximas elei\u00e7\u00f5es s\u00e3o cruciais para decidir o futuro da Moldova, uma vez que poder\u00e3o determinar a perman\u00eancia do pa\u00eds num caminho pr\u00f3-europeu ou aproxim\u00e1-lo de Moscovo.&#13;\n<\/p>\n<p>&#13;<br \/>\nc\/ag\u00eancias&#13;<\/p>\n","protected":false},"excerpt":{"rendered":"&#13; &#8220;Os burocratas europeus em Bruxelas est\u00e3o determinados a manter a Moldova no caminho das suas pol\u00edticas &#8220;russof\u00f3bicas&#8221;.&hellip;\n","protected":false},"author":2,"featured_media":83311,"comment_status":"","ping_status":"","sticky":false,"template":"","format":"standard","meta":{"footnotes":""},"categories":[50],"tags":[27,28,2258,445,15,16,14,25,26,21,22,14503,62,3400,12,13,19,20,23,24,839,17,18,840,1977,29,30,31,63,64,65],"class_list":{"0":"post-83310","1":"post","2":"type-post","3":"status-publish","4":"format-standard","5":"has-post-thumbnail","7":"category-mundo","8":"tag-breaking-news","9":"tag-breakingnews","10":"tag-eleicoes","11":"tag-europa","12":"tag-featured-news","13":"tag-featurednews","14":"tag-headlines","15":"tag-latest-news","16":"tag-latestnews","17":"tag-main-news","18":"tag-mainnews","19":"tag-moldova","20":"tag-mundo","21":"tag-nato","22":"tag-news","23":"tag-noticias","24":"tag-noticias-principais","25":"tag-noticiasprincipais","26":"tag-principais-noticias","27":"tag-principaisnoticias","28":"tag-russia","29":"tag-top-stories","30":"tag-topstories","31":"tag-ucrania","32":"tag-ue","33":"tag-ultimas","34":"tag-ultimas-noticias","35":"tag-ultimasnoticias","36":"tag-world","37":"tag-world-news","38":"tag-worldnews"},"share_on_mastodon":{"url":"","error":""},"_links":{"self":[{"href":"https:\/\/www.europesays.com\/pt\/wp-json\/wp\/v2\/posts\/83310","targetHints":{"allow":["GET"]}}],"collection":[{"href":"https:\/\/www.europesays.com\/pt\/wp-json\/wp\/v2\/posts"}],"about":[{"href":"https:\/\/www.europesays.com\/pt\/wp-json\/wp\/v2\/types\/post"}],"author":[{"embeddable":true,"href":"https:\/\/www.europesays.com\/pt\/wp-json\/wp\/v2\/users\/2"}],"replies":[{"embeddable":true,"href":"https:\/\/www.europesays.com\/pt\/wp-json\/wp\/v2\/comments?post=83310"}],"version-history":[{"count":0,"href":"https:\/\/www.europesays.com\/pt\/wp-json\/wp\/v2\/posts\/83310\/revisions"}],"wp:featuredmedia":[{"embeddable":true,"href":"https:\/\/www.europesays.com\/pt\/wp-json\/wp\/v2\/media\/83311"}],"wp:attachment":[{"href":"https:\/\/www.europesays.com\/pt\/wp-json\/wp\/v2\/media?parent=83310"}],"wp:term":[{"taxonomy":"category","embeddable":true,"href":"https:\/\/www.europesays.com\/pt\/wp-json\/wp\/v2\/categories?post=83310"},{"taxonomy":"post_tag","embeddable":true,"href":"https:\/\/www.europesays.com\/pt\/wp-json\/wp\/v2\/tags?post=83310"}],"curies":[{"name":"wp","href":"https:\/\/api.w.org\/{rel}","templated":true}]}}