{"id":83312,"date":"2025-09-23T14:00:16","date_gmt":"2025-09-23T14:00:16","guid":{"rendered":"https:\/\/www.europesays.com\/pt\/83312\/"},"modified":"2025-09-23T14:00:16","modified_gmt":"2025-09-23T14:00:16","slug":"quem-leva-vantagem-nas-eleicoes-autarquicas","status":"publish","type":"post","link":"https:\/\/www.europesays.com\/pt\/83312\/","title":{"rendered":"quem leva vantagem nas elei\u00e7\u00f5es aut\u00e1rquicas?"},"content":{"rendered":"<p>\t\t<img decoding=\"async\" src=\"https:\/\/www.europesays.com\/pt\/wp-content\/uploads\/2025\/09\/1758636016_249_\"  loading=\"true\"\/><\/p>\n<p>                        SIC Not\u00edcias<\/p>\n<p>Houve debate com os candidatos ao Porto, tamb\u00e9m j\u00e1 em Lisboa. As sondagens publicadas em Lisboa, Porto, Sintra, Faro, mas tamb\u00e9m em Gaia e Set\u00fabal indicam vantagens curtas e algumas poss\u00edveis surpresas. A dias do arranque da campanha oficial, fazemos um ponto de situa\u00e7\u00e3o. Com Eunice Louren\u00e7o, Paula Varela e Margarida Coutinho e modera\u00e7\u00e3o de David Dinis. A sonoplastia \u00e9 de Salom\u00e9 Rita e a ilustra\u00e7\u00e3o de Carlos Paes.<\/p>\n<p>Oi\u00e7a mais epis\u00f3dios:<\/p>\n","protected":false},"excerpt":{"rendered":"SIC Not\u00edcias Houve debate com os candidatos ao Porto, tamb\u00e9m j\u00e1 em Lisboa. As sondagens publicadas em Lisboa,&hellip;\n","protected":false},"author":2,"featured_media":83313,"comment_status":"","ping_status":"","sticky":false,"template":"","format":"standard","meta":{"footnotes":""},"categories":[10],"tags":[27,28,15,16,14,25,26,21,22,12,13,19,20,32,23,24,33,17,18,29,30,31],"class_list":{"0":"post-83312","1":"post","2":"type-post","3":"status-publish","4":"format-standard","5":"has-post-thumbnail","7":"category-portugal","8":"tag-breaking-news","9":"tag-breakingnews","10":"tag-featured-news","11":"tag-featurednews","12":"tag-headlines","13":"tag-latest-news","14":"tag-latestnews","15":"tag-main-news","16":"tag-mainnews","17":"tag-news","18":"tag-noticias","19":"tag-noticias-principais","20":"tag-noticiasprincipais","21":"tag-portugal","22":"tag-principais-noticias","23":"tag-principaisnoticias","24":"tag-pt","25":"tag-top-stories","26":"tag-topstories","27":"tag-ultimas","28":"tag-ultimas-noticias","29":"tag-ultimasnoticias"},"share_on_mastodon":{"url":"","error":""},"_links":{"self":[{"href":"https:\/\/www.europesays.com\/pt\/wp-json\/wp\/v2\/posts\/83312","targetHints":{"allow":["GET"]}}],"collection":[{"href":"https:\/\/www.europesays.com\/pt\/wp-json\/wp\/v2\/posts"}],"about":[{"href":"https:\/\/www.europesays.com\/pt\/wp-json\/wp\/v2\/types\/post"}],"author":[{"embeddable":true,"href":"https:\/\/www.europesays.com\/pt\/wp-json\/wp\/v2\/users\/2"}],"replies":[{"embeddable":true,"href":"https:\/\/www.europesays.com\/pt\/wp-json\/wp\/v2\/comments?post=83312"}],"version-history":[{"count":0,"href":"https:\/\/www.europesays.com\/pt\/wp-json\/wp\/v2\/posts\/83312\/revisions"}],"wp:featuredmedia":[{"embeddable":true,"href":"https:\/\/www.europesays.com\/pt\/wp-json\/wp\/v2\/media\/83313"}],"wp:attachment":[{"href":"https:\/\/www.europesays.com\/pt\/wp-json\/wp\/v2\/media?parent=83312"}],"wp:term":[{"taxonomy":"category","embeddable":true,"href":"https:\/\/www.europesays.com\/pt\/wp-json\/wp\/v2\/categories?post=83312"},{"taxonomy":"post_tag","embeddable":true,"href":"https:\/\/www.europesays.com\/pt\/wp-json\/wp\/v2\/tags?post=83312"}],"curies":[{"name":"wp","href":"https:\/\/api.w.org\/{rel}","templated":true}]}}