{"id":83324,"date":"2025-09-23T14:09:17","date_gmt":"2025-09-23T14:09:17","guid":{"rendered":"https:\/\/www.europesays.com\/pt\/83324\/"},"modified":"2025-09-23T14:09:17","modified_gmt":"2025-09-23T14:09:17","slug":"newcastle-disposto-a-pagar-mais-de-80-milhoes-de-euros-por-jogador-do-barcelona","status":"publish","type":"post","link":"https:\/\/www.europesays.com\/pt\/83324\/","title":{"rendered":"Newcastle disposto a pagar mais de 80 milh\u00f5es de euros por jogador do Barcelona"},"content":{"rendered":"<p><strong>O Newcastle quer continuar a reformular a equipa. Dani Olmo, internacional espanhol e jogador do Barcelona, \u00e9 alvo dos magpies.<\/strong><\/p>\n<p>O Newcastle quer fechar a contrata\u00e7\u00e3o de Dani Olmo em 2026. De acordo com o portal TEAMtalk, Dani Olmo est\u00e1 na lista de alvos dos magpies para refor\u00e7ar o meio-campo.<\/p>\n<p>A mesma fonte d\u00e1 conta de que o Newcastle est\u00e1 na disposi\u00e7\u00e3o de chegar acima dos 80 milh\u00f5es de euros por Dani Olmo, um valor semelhante ao que<a href=\"https:\/\/bolanarede.pt\/especial-bola-na-rede\/atualidade\/nick-woltemade-torna-se-na-contratacao-mais-cara-da-historia-do-newcastle\/\" target=\"_blank\" rel=\"noreferrer noopener nofollow\"> trouxe Nick Woltemade para o St. James Park <\/a>neste ver\u00e3o e que satisfaz as <a href=\"https:\/\/bolanarede.pt\/especial-bola-na-rede\/atualidade\/barcelona-disposto-a-vender-medio-espanhol-por-valores-superiores-a-70-milhoes-de-euros\/\" target=\"_blank\" rel=\"noreferrer noopener nofollow\">pretens\u00f5es do Barcelona<\/a>, pelo menos as do \u00faltimo mercado. <\/p>\n<p>Dani Olmo tem 27 anos e esta temporada j\u00e1 leva seis jogos pelo Barcelona nos quais marcou um golo e somou duas assist\u00eancias. <\/p>\n","protected":false},"excerpt":{"rendered":"O Newcastle quer continuar a reformular a equipa. Dani Olmo, internacional espanhol e jogador do Barcelona, \u00e9 alvo&hellip;\n","protected":false},"author":2,"featured_media":83325,"comment_status":"","ping_status":"","sticky":false,"template":"","format":"standard","meta":{"footnotes":""},"categories":[87],"tags":[260,1235,21302,135,5705,2318,32,666,33,134],"class_list":{"0":"post-83324","1":"post","2":"type-post","3":"status-publish","4":"format-standard","5":"has-post-thumbnail","7":"category-desporto","8":"tag-atualidade","9":"tag-barcelona","10":"tag-dani-olmo","11":"tag-desporto","12":"tag-la-liga","13":"tag-newcastle","14":"tag-portugal","15":"tag-premier-league","16":"tag-pt","17":"tag-sports"},"share_on_mastodon":{"url":"","error":""},"_links":{"self":[{"href":"https:\/\/www.europesays.com\/pt\/wp-json\/wp\/v2\/posts\/83324","targetHints":{"allow":["GET"]}}],"collection":[{"href":"https:\/\/www.europesays.com\/pt\/wp-json\/wp\/v2\/posts"}],"about":[{"href":"https:\/\/www.europesays.com\/pt\/wp-json\/wp\/v2\/types\/post"}],"author":[{"embeddable":true,"href":"https:\/\/www.europesays.com\/pt\/wp-json\/wp\/v2\/users\/2"}],"replies":[{"embeddable":true,"href":"https:\/\/www.europesays.com\/pt\/wp-json\/wp\/v2\/comments?post=83324"}],"version-history":[{"count":0,"href":"https:\/\/www.europesays.com\/pt\/wp-json\/wp\/v2\/posts\/83324\/revisions"}],"wp:featuredmedia":[{"embeddable":true,"href":"https:\/\/www.europesays.com\/pt\/wp-json\/wp\/v2\/media\/83325"}],"wp:attachment":[{"href":"https:\/\/www.europesays.com\/pt\/wp-json\/wp\/v2\/media?parent=83324"}],"wp:term":[{"taxonomy":"category","embeddable":true,"href":"https:\/\/www.europesays.com\/pt\/wp-json\/wp\/v2\/categories?post=83324"},{"taxonomy":"post_tag","embeddable":true,"href":"https:\/\/www.europesays.com\/pt\/wp-json\/wp\/v2\/tags?post=83324"}],"curies":[{"name":"wp","href":"https:\/\/api.w.org\/{rel}","templated":true}]}}