{"id":83331,"date":"2025-09-23T14:19:08","date_gmt":"2025-09-23T14:19:08","guid":{"rendered":"https:\/\/www.europesays.com\/pt\/83331\/"},"modified":"2025-09-23T14:19:08","modified_gmt":"2025-09-23T14:19:08","slug":"onu-acusa-russia-de-torturar-sistematicamente-civis-nos-territorios-ocupados","status":"publish","type":"post","link":"https:\/\/www.europesays.com\/pt\/83331\/","title":{"rendered":"ONU acusa R\u00fassia de torturar sistematicamente civis nos territ\u00f3rios ocupados"},"content":{"rendered":"<p>Num relat\u00f3rio hoje divulgado, os investigadores da ONU referem que 92% dos 216 civis libertados desde junho de 2023 e que foram entrevistados fizeram &#8220;relatos consistentes e detalhados de tortura ou maus-tratos durante o cativeiro&#8221;.<\/p>\n<p>Os civis entrevistados descreveram &#8220;espancamentos severos com v\u00e1rios instrumentos, como paus e bast\u00f5es, choques el\u00e9tricos em v\u00e1rias partes do corpo [e] simula\u00e7\u00f5es de execu\u00e7\u00f5es&#8221;.<\/p>\n<p>Muitos relataram tamb\u00e9m ter sofrido amea\u00e7as de morte e de viol\u00eancia contra si ou contra um ente querido e descreveram condi\u00e7\u00f5es prec\u00e1rias de deten\u00e7\u00e3o, incluindo falta de alimenta\u00e7\u00e3o e de assist\u00eancia m\u00e9dica adequada, e, na maioria dos casos, as suas fam\u00edlias ficaram sem informa\u00e7\u00f5es sobre eles e desconheciam o seu paradeiro.<\/p>\n<p>A tortura contra civis \u00e9 &#8220;generalizada e sistem\u00e1tica&#8221;, com uma componente grave de viol\u00eancia sexual, segundo a ag\u00eancia, que tem uma miss\u00e3o de defesa dos direitos humanos na Ucr\u00e2nia, mas n\u00e3o tem acesso a \u00e1reas sob controlo russo.<\/p>\n<p>As autoridades ucranianas informaram que, at\u00e9 maio, cerca de 1.800 civis ucranianos permaneciam detidos pela R\u00fassia nos seus territ\u00f3rios ocupados.<\/p>\n<p>No entanto, a ag\u00eancia da ONU sustentou que o n\u00famero real \u00e9 provavelmente muito mais elevado.<\/p>\n<p>&#8220;As pessoas foram arbitrariamente detidas nas ruas dos territ\u00f3rios ocupados, acusadas com base em fundamentos jur\u00eddicos variados e detidas durante dias, semanas, meses e at\u00e9 anos&#8221;, afirmou o alto-comiss\u00e1rio da ONU para os Direitos Humanos, Volker T\u00fbrk, em comunicado.<\/p>\n<p>&#8220;\u00c9 essencial que os direitos dos civis detidos, que foram severamente afetados por este terr\u00edvel conflito, sejam uma prioridade em quaisquer discuss\u00f5es de paz&#8221;, defendeu.<\/p>\n<p>A R\u00fassia ocupou as regi\u00f5es ucranianas de Donetsk, Lugansk, Zaporijia e Kherson, al\u00e9m da pen\u00ednsula da Crimeia, que anexou em 2014.<\/p>\n<p>Al\u00e9m da Crimeia, Moscovo anunciou a anexa\u00e7\u00e3o de Donetsk e Lugansk, regi\u00f5es do leste da Ucr\u00e2nia conhecidas como Donbass, e de Zaporijia e Kherson em setembro de 2022.<\/p>\n<p>O relat\u00f3rio da ONU documentou ainda &#8220;casos de tortura e maus-tratos&#8221; de civis detidos pelas autoridades ucranianas.<\/p>\n<p>At\u00e9 ao final de julho, a Ucr\u00e2nia mantinha oficialmente mais de 2.250 detidos relacionados com o conflito, a maioria cidad\u00e3os ucranianos acusados de trai\u00e7\u00e3o, espionagem ou colabora\u00e7\u00e3o com as autoridades russas de ocupa\u00e7\u00e3o, especialmente durante tarefas comuns, como obras de constru\u00e7\u00e3o ou recolha de lixo.<\/p>\n<p>Leia Tamb\u00e9m: <a href=\"https:\/\/www.noticiasaominuto.com\/politica\/2847117\/acnur-preocupada-com-mulheres-e-criancas-perante-sismos\" target=\"_blank\" rel=\"noreferrer noopener nofollow\">ACNUR preocupada com mulheres e crian\u00e7as perante sismos<\/a><\/p>\n","protected":false},"excerpt":{"rendered":"Num relat\u00f3rio hoje divulgado, os investigadores da ONU referem que 92% dos 216 civis libertados desde junho de&hellip;\n","protected":false},"author":2,"featured_media":83332,"comment_status":"","ping_status":"","sticky":false,"template":"","format":"standard","meta":{"footnotes":""},"categories":[50],"tags":[27,28,15,16,14,25,26,21,22,62,12,13,19,20,23,24,17,18,29,30,31,63,64,65],"class_list":{"0":"post-83331","1":"post","2":"type-post","3":"status-publish","4":"format-standard","5":"has-post-thumbnail","7":"category-mundo","8":"tag-breaking-news","9":"tag-breakingnews","10":"tag-featured-news","11":"tag-featurednews","12":"tag-headlines","13":"tag-latest-news","14":"tag-latestnews","15":"tag-main-news","16":"tag-mainnews","17":"tag-mundo","18":"tag-news","19":"tag-noticias","20":"tag-noticias-principais","21":"tag-noticiasprincipais","22":"tag-principais-noticias","23":"tag-principaisnoticias","24":"tag-top-stories","25":"tag-topstories","26":"tag-ultimas","27":"tag-ultimas-noticias","28":"tag-ultimasnoticias","29":"tag-world","30":"tag-world-news","31":"tag-worldnews"},"share_on_mastodon":{"url":"","error":""},"_links":{"self":[{"href":"https:\/\/www.europesays.com\/pt\/wp-json\/wp\/v2\/posts\/83331","targetHints":{"allow":["GET"]}}],"collection":[{"href":"https:\/\/www.europesays.com\/pt\/wp-json\/wp\/v2\/posts"}],"about":[{"href":"https:\/\/www.europesays.com\/pt\/wp-json\/wp\/v2\/types\/post"}],"author":[{"embeddable":true,"href":"https:\/\/www.europesays.com\/pt\/wp-json\/wp\/v2\/users\/2"}],"replies":[{"embeddable":true,"href":"https:\/\/www.europesays.com\/pt\/wp-json\/wp\/v2\/comments?post=83331"}],"version-history":[{"count":0,"href":"https:\/\/www.europesays.com\/pt\/wp-json\/wp\/v2\/posts\/83331\/revisions"}],"wp:featuredmedia":[{"embeddable":true,"href":"https:\/\/www.europesays.com\/pt\/wp-json\/wp\/v2\/media\/83332"}],"wp:attachment":[{"href":"https:\/\/www.europesays.com\/pt\/wp-json\/wp\/v2\/media?parent=83331"}],"wp:term":[{"taxonomy":"category","embeddable":true,"href":"https:\/\/www.europesays.com\/pt\/wp-json\/wp\/v2\/categories?post=83331"},{"taxonomy":"post_tag","embeddable":true,"href":"https:\/\/www.europesays.com\/pt\/wp-json\/wp\/v2\/tags?post=83331"}],"curies":[{"name":"wp","href":"https:\/\/api.w.org\/{rel}","templated":true}]}}