{"id":83378,"date":"2025-09-23T14:50:08","date_gmt":"2025-09-23T14:50:08","guid":{"rendered":"https:\/\/www.europesays.com\/pt\/83378\/"},"modified":"2025-09-23T14:50:08","modified_gmt":"2025-09-23T14:50:08","slug":"rute-cardoso-emociona-paris-ao-homenagear-diogo-jota-na-bola-de-ouro","status":"publish","type":"post","link":"https:\/\/www.europesays.com\/pt\/83378\/","title":{"rendered":"Rute Cardoso emociona Paris ao homenagear Diogo Jota na Bola de Ouro"},"content":{"rendered":"<p>Rute Cardoso voltou a ser o rosto da for\u00e7a e da mem\u00f3ria de Diogo Jota. A vi\u00fava do avan\u00e7ado portugu\u00eas esteve esta segunda-feira na gala da Bola de Ouro, em Paris, a convite da organiza\u00e7\u00e3o, para assistir \u00e0 homenagem ao marido e ao cunhado, Andr\u00e9 Silva, falecidos num acidente de via\u00e7\u00e3o em julho, no norte de Espanha.<\/p>\n<p data-remotead-prev-elm=\"true\" data-remotead-elm-id=\"inread\">Para a ocasi\u00e3o, Rute elegeu um vestido longo branco Micaela Oliveira, repleto de detalhes brilhantes, complementado por uma capa leve sobre o ombro, escolha que refor\u00e7ou a mensagem de homenagem e serenidade. Na m\u00e3e esquerda, segurava um ter\u00e7o carregado de simbolismo.<\/p>\n<p>Recebida com respeito e emo\u00e7\u00e3o, a sua presen\u00e7a foi destacada pela apresentadora Kate Scott: &#8220;A fam\u00edlia de Diogo Jota e Andr\u00e9 Silva est\u00e1 connosco esta noite&#8221;. A seguir, foi exibido um v\u00eddeo com os melhores momentos da carreira dos dois irm\u00e3os.<\/p>\n<p>Emo\u00e7\u00e3o na plateia<\/p>\n<p data-remotead-prev-elm=\"true\" data-remotead-elm-id=\"centro1\">A sala levantou-se em aplausos. Virgil van Dijk e Alisson Becker, colegas de Jota no Liverpool, n\u00e3o esconderam as l\u00e1grimas, tal como Jo\u00e3o Neves, do Paris Saint-Germain. O holand\u00eas Ruud Gullit sublinhou: &#8220;Jota era um favorito dos adeptos, amado por companheiros e por quem o viu jogar. Vamos record\u00e1-los juntos.&#8221;<\/p>\n<p>Rute, que se casou com o internacional portugu\u00eas apenas 11 dias antes da trag\u00e9dia, partilhou nas redes sociais, na v\u00e9spera da viagem, uma fotografia do dia em que Jota assinou pelo Liverpool, em 2020. &#8220;H\u00e1 cinco anos&#8230; Nunca ir\u00e1s caminhar sozinho&#8221;, escreveu, recordando a mudan\u00e7a da fam\u00edlia para Inglaterra.<\/p>\n<p data-remotead-prev-elm=\"true\" data-remotead-elm-id=\"centro2\">M\u00e3e de tr\u00eas filhos, Dinis, Duarte e Mafalda, Rute Cardoso tem estado presente em todas as homenagens. Esteve em Anfield, no primeiro jogo do Liverpool ap\u00f3s a perda, e tamb\u00e9m em Wolverhampton, clube onde Jota se destacou. Em Paris, a sua presen\u00e7a voltou a unir o mundo do futebol em torno de uma despedida que continua a comover.<\/p>\n","protected":false},"excerpt":{"rendered":"Rute Cardoso voltou a ser o rosto da for\u00e7a e da mem\u00f3ria de Diogo Jota. A vi\u00fava do&hellip;\n","protected":false},"author":2,"featured_media":83379,"comment_status":"","ping_status":"","sticky":false,"template":"","format":"standard","meta":{"footnotes":""},"categories":[145],"tags":[7330,211,210,1691,114,115,2458,32,33,10175,21306],"class_list":{"0":"post-83378","1":"post","2":"type-post","3":"status-publish","4":"format-standard","5":"has-post-thumbnail","7":"category-celebridades","8":"tag-bola-de-ouro","9":"tag-celebridades","10":"tag-celebrities","11":"tag-diogo-jota","12":"tag-entertainment","13":"tag-entretenimento","14":"tag-paris","15":"tag-portugal","16":"tag-pt","17":"tag-rute-cardoso","18":"tag-tributo"},"share_on_mastodon":{"url":"","error":""},"_links":{"self":[{"href":"https:\/\/www.europesays.com\/pt\/wp-json\/wp\/v2\/posts\/83378","targetHints":{"allow":["GET"]}}],"collection":[{"href":"https:\/\/www.europesays.com\/pt\/wp-json\/wp\/v2\/posts"}],"about":[{"href":"https:\/\/www.europesays.com\/pt\/wp-json\/wp\/v2\/types\/post"}],"author":[{"embeddable":true,"href":"https:\/\/www.europesays.com\/pt\/wp-json\/wp\/v2\/users\/2"}],"replies":[{"embeddable":true,"href":"https:\/\/www.europesays.com\/pt\/wp-json\/wp\/v2\/comments?post=83378"}],"version-history":[{"count":0,"href":"https:\/\/www.europesays.com\/pt\/wp-json\/wp\/v2\/posts\/83378\/revisions"}],"wp:featuredmedia":[{"embeddable":true,"href":"https:\/\/www.europesays.com\/pt\/wp-json\/wp\/v2\/media\/83379"}],"wp:attachment":[{"href":"https:\/\/www.europesays.com\/pt\/wp-json\/wp\/v2\/media?parent=83378"}],"wp:term":[{"taxonomy":"category","embeddable":true,"href":"https:\/\/www.europesays.com\/pt\/wp-json\/wp\/v2\/categories?post=83378"},{"taxonomy":"post_tag","embeddable":true,"href":"https:\/\/www.europesays.com\/pt\/wp-json\/wp\/v2\/tags?post=83378"}],"curies":[{"name":"wp","href":"https:\/\/api.w.org\/{rel}","templated":true}]}}