{"id":83466,"date":"2025-09-23T16:08:46","date_gmt":"2025-09-23T16:08:46","guid":{"rendered":"https:\/\/www.europesays.com\/pt\/83466\/"},"modified":"2025-09-23T16:08:46","modified_gmt":"2025-09-23T16:08:46","slug":"vitoria-encerra-comemoracoes-do-aniversario-com-apresentacao-do-livro-vitoria-sport-clube-100-anos-de-historia","status":"publish","type":"post","link":"https:\/\/www.europesays.com\/pt\/83466\/","title":{"rendered":"Vit\u00f3ria encerra comemora\u00e7\u00f5es do anivers\u00e1rio com apresenta\u00e7\u00e3o do livro \u201cVit\u00f3ria Sport Clube: 100 Anos de Hist\u00f3ria\u201d"},"content":{"rendered":"<p><img loading=\"lazy\" decoding=\"async\" height=\"485\" width=\"800\" src=\"https:\/\/www.europesays.com\/pt\/wp-content\/uploads\/2025\/09\/d372aaa26853daeb68dda656eeaaac3b_w800.jpg\" alt=\"images\/2025\/vitoria_eleicoes2025\/Vitoria_103.jpg\"\/><\/p>\n<p>A apresenta\u00e7\u00e3o do livro \u201cVit\u00f3ria Sport Clube: 100 Anos de Hist\u00f3ria\u201d vai marcar o final das comemora\u00e7\u00f5es do 103\u00ba anivers\u00e1rio do clube.<\/p>\n<p>Depois das cerim\u00f3nias desta segunda-feira, com o hastear da bandeira e a entrega dos emblemas de 25 e 50 anos de s\u00f3cio, o programa comemorativo prossegue esta ter\u00e7a-feira com visitas abertas e livres ao Est\u00e1dio D. Afonso Henriques, entre as 10 e as 19 horas.<\/p>\n<p>Na quinta-feira, dia 25, o Est\u00e1dio D. Afonso Henriques volta a abrir portas para visitas livres mas tamb\u00e9m para uma oficia para crian\u00e7as, que decorrer\u00e1 na Bancada Fam\u00edlia entre as 14h30 e as 19 horas.<\/p>\n<p>Na sexta-feira, ter\u00e1 lugar a apresenta\u00e7\u00e3o do livro \u201cVit\u00f3ria Sport Clube: 100 Anos de Hist\u00f3ria\u201d, numa cerim\u00f3nia marcada para as 19 horas.<\/p>\n<p class=\"uk-article-meta\">\n<p>\t\tsegunda, 22 setembro 2025 20:42 em Desporto\n\t<\/p>\n<p>Marca\u00e7\u00f5es: <a href=\"https:\/\/www.guimaraesdigital.pt\/index.php\/component\/tags\/tag\/vitoria-sport-clube\" rel=\"nofollow noopener\" target=\"_blank\">Vit\u00f3ria Sport Clube<\/a><\/p>\n<p><a href=\"https:\/\/www.guimaraesdigital.pt\/index.php\/informacao\/desporto\/95438-vitoria-encerra-comemoracoes-do-aniversario-com-apresentacao-do-livro-vitoria-sport-clube-100-anos-de-historia?tmpl=component&amp;print=1&amp;layout=default\" class=\"uk-margin-right\" title=\"Imprimir artigo &lt; Vit\u00f3ria encerra comemora\u00e7\u00f5es do anivers\u00e1rio com apresenta\u00e7\u00e3o do livro \u201cVit\u00f3ria Sport Clube: 100 Anos de Hist\u00f3ria\u201d &gt;\" onclick=\"window.open(this.href,&#039;win2&#039;,&#039;status=no,toolbar=no,scrollbars=yes,titlebar=no,menubar=no,resizable=yes,width=640,height=480,directories=no,location=no&#039;); return false;\" rel=\"nofollow noopener\" target=\"_blank\"><br \/>\n\t\tImprimir\t<\/a><a href=\"https:\/\/www.guimaraesdigital.pt\/index.php\/component\/mailto\/?tmpl=component&amp;template=jp-world&amp;link=4de06ee9ea0c3f8094ddf2dba5808395c3d29f74\" class=\"uk-margin-right\" title=\"Enviar liga\u00e7\u00e3o a um amigo\" onclick=\"window.open(this.href,&#039;win2&#039;,&#039;width=400,height=450,menubar=yes,resizable=yes&#039;); return false;\" rel=\"nofollow noopener\" target=\"_blank\"><br \/>\n\t\tEmail\t<\/a><\/p>\n","protected":false},"excerpt":{"rendered":"A apresenta\u00e7\u00e3o do livro \u201cVit\u00f3ria Sport Clube: 100 Anos de Hist\u00f3ria\u201d vai marcar o final das comemora\u00e7\u00f5es do&hellip;\n","protected":false},"author":2,"featured_media":83467,"comment_status":"","ping_status":"","sticky":false,"template":"","format":"standard","meta":{"footnotes":""},"categories":[143],"tags":[1701,169,114,115,1697,170,1699,32,33,1700,1698],"class_list":{"0":"post-83466","1":"post","2":"type-post","3":"status-publish","4":"format-standard","5":"has-post-thumbnail","7":"category-livros","8":"tag-afonso-henriques","9":"tag-books","10":"tag-entertainment","11":"tag-entretenimento","12":"tag-guimaraes","13":"tag-livros","14":"tag-nicolinas","15":"tag-portugal","16":"tag-pt","17":"tag-toural","18":"tag-vitoria"},"share_on_mastodon":{"url":"","error":""},"_links":{"self":[{"href":"https:\/\/www.europesays.com\/pt\/wp-json\/wp\/v2\/posts\/83466","targetHints":{"allow":["GET"]}}],"collection":[{"href":"https:\/\/www.europesays.com\/pt\/wp-json\/wp\/v2\/posts"}],"about":[{"href":"https:\/\/www.europesays.com\/pt\/wp-json\/wp\/v2\/types\/post"}],"author":[{"embeddable":true,"href":"https:\/\/www.europesays.com\/pt\/wp-json\/wp\/v2\/users\/2"}],"replies":[{"embeddable":true,"href":"https:\/\/www.europesays.com\/pt\/wp-json\/wp\/v2\/comments?post=83466"}],"version-history":[{"count":0,"href":"https:\/\/www.europesays.com\/pt\/wp-json\/wp\/v2\/posts\/83466\/revisions"}],"wp:featuredmedia":[{"embeddable":true,"href":"https:\/\/www.europesays.com\/pt\/wp-json\/wp\/v2\/media\/83467"}],"wp:attachment":[{"href":"https:\/\/www.europesays.com\/pt\/wp-json\/wp\/v2\/media?parent=83466"}],"wp:term":[{"taxonomy":"category","embeddable":true,"href":"https:\/\/www.europesays.com\/pt\/wp-json\/wp\/v2\/categories?post=83466"},{"taxonomy":"post_tag","embeddable":true,"href":"https:\/\/www.europesays.com\/pt\/wp-json\/wp\/v2\/tags?post=83466"}],"curies":[{"name":"wp","href":"https:\/\/api.w.org\/{rel}","templated":true}]}}