{"id":83492,"date":"2025-09-23T16:32:24","date_gmt":"2025-09-23T16:32:24","guid":{"rendered":"https:\/\/www.europesays.com\/pt\/83492\/"},"modified":"2025-09-23T16:32:24","modified_gmt":"2025-09-23T16:32:24","slug":"rede-tinha-material-para-bloquear-telecomunicacoes-durante-cimeira-da-onu","status":"publish","type":"post","link":"https:\/\/www.europesays.com\/pt\/83492\/","title":{"rendered":"Rede tinha material para bloquear telecomunica\u00e7\u00f5es durante cimeira da ONU"},"content":{"rendered":"<p>&#8220;Al\u00e9m de permitirem chamadas telef\u00f3nicas an\u00f3nimas contendo amea\u00e7as, estes dispositivos podem ser utilizados para conduzir uma s\u00e9rie de ataques contra telecomunica\u00e7\u00f5es&#8221;, afirmou o Servi\u00e7o Secreto dos Estados Unidos, em comunicado.<\/p>\n<p data-remotead-prev-elm=\"true\" data-remotead-elm-id=\"inread\">De acordo com os servi\u00e7os secretos norte-americanos, que t\u00eam entre as suas fun\u00e7\u00f5es a prote\u00e7\u00e3o de figuras pol\u00edticas norte-americanas de relevo, a rede apreendida poderia servir para &#8220;desativar torres de telem\u00f3veis, permitir ataques de nega\u00e7\u00e3o de servi\u00e7o e facilitar comunica\u00e7\u00f5es an\u00f3nimas e encriptadas entre agentes potencialmente maliciosos e organiza\u00e7\u00f5es criminosas&#8221;.<\/p>\n<p><img decoding=\"async\" class=\"ngx-body\" guid=\"5f4642b7-56fd-4913-8fa8-38591dfacd74\" src=\"https:\/\/www.europesays.com\/pt\/wp-content\/uploads\/2025\/09\/1758645144_683_image.jpg\" width=\"100%\"\/><\/p>\n<p data-remotead-prev-elm=\"true\" data-remotead-elm-id=\"centro1\">As autoridades explicaram que a opera\u00e7\u00e3o visou prevenir riscos de seguran\u00e7a associados ao aumento de comunica\u00e7\u00f5es e da presen\u00e7a de l\u00edderes mundiais em Nova Iorque, para a Assembleia Geral da ONU.<\/p>\n<p>A 79.\u00aa sess\u00e3o da Assembleia Geral das Na\u00e7\u00f5es Unidas decorre esta semana, com o debate geral a reunir hoje chefes de Estado e de Governo de todo o mundo.<\/p>\n<p data-remotead-prev-elm=\"true\" data-remotead-elm-id=\"centro2\">O encontro anual, que se realiza em Nova Iorque sob fortes medidas de seguran\u00e7a, assume particular import\u00e2ncia no atual contexto internacional, marcado pela guerra na Ucr\u00e2nia, pelas tens\u00f5es no M\u00e9dio Oriente e pelas negocia\u00e7\u00f5es clim\u00e1ticas em curso.<\/p>\n","protected":false},"excerpt":{"rendered":"&#8220;Al\u00e9m de permitirem chamadas telef\u00f3nicas an\u00f3nimas contendo amea\u00e7as, estes dispositivos podem ser utilizados para conduzir uma s\u00e9rie de&hellip;\n","protected":false},"author":2,"featured_media":83493,"comment_status":"","ping_status":"","sticky":false,"template":"","format":"standard","meta":{"footnotes":""},"categories":[50],"tags":[27,28,413,15,16,14,25,26,21,22,62,12,13,19,20,1035,910,23,24,8649,17,18,29,30,31,63,64,65],"class_list":{"0":"post-83492","1":"post","2":"type-post","3":"status-publish","4":"format-standard","5":"has-post-thumbnail","7":"category-mundo","8":"tag-breaking-news","9":"tag-breakingnews","10":"tag-eua","11":"tag-featured-news","12":"tag-featurednews","13":"tag-headlines","14":"tag-latest-news","15":"tag-latestnews","16":"tag-main-news","17":"tag-mainnews","18":"tag-mundo","19":"tag-news","20":"tag-noticias","21":"tag-noticias-principais","22":"tag-noticiasprincipais","23":"tag-nova-iorque","24":"tag-onu","25":"tag-principais-noticias","26":"tag-principaisnoticias","27":"tag-telecomunicacoes","28":"tag-top-stories","29":"tag-topstories","30":"tag-ultimas","31":"tag-ultimas-noticias","32":"tag-ultimasnoticias","33":"tag-world","34":"tag-world-news","35":"tag-worldnews"},"share_on_mastodon":{"url":"","error":""},"_links":{"self":[{"href":"https:\/\/www.europesays.com\/pt\/wp-json\/wp\/v2\/posts\/83492","targetHints":{"allow":["GET"]}}],"collection":[{"href":"https:\/\/www.europesays.com\/pt\/wp-json\/wp\/v2\/posts"}],"about":[{"href":"https:\/\/www.europesays.com\/pt\/wp-json\/wp\/v2\/types\/post"}],"author":[{"embeddable":true,"href":"https:\/\/www.europesays.com\/pt\/wp-json\/wp\/v2\/users\/2"}],"replies":[{"embeddable":true,"href":"https:\/\/www.europesays.com\/pt\/wp-json\/wp\/v2\/comments?post=83492"}],"version-history":[{"count":0,"href":"https:\/\/www.europesays.com\/pt\/wp-json\/wp\/v2\/posts\/83492\/revisions"}],"wp:featuredmedia":[{"embeddable":true,"href":"https:\/\/www.europesays.com\/pt\/wp-json\/wp\/v2\/media\/83493"}],"wp:attachment":[{"href":"https:\/\/www.europesays.com\/pt\/wp-json\/wp\/v2\/media?parent=83492"}],"wp:term":[{"taxonomy":"category","embeddable":true,"href":"https:\/\/www.europesays.com\/pt\/wp-json\/wp\/v2\/categories?post=83492"},{"taxonomy":"post_tag","embeddable":true,"href":"https:\/\/www.europesays.com\/pt\/wp-json\/wp\/v2\/tags?post=83492"}],"curies":[{"name":"wp","href":"https:\/\/api.w.org\/{rel}","templated":true}]}}