{"id":83610,"date":"2025-09-23T18:07:17","date_gmt":"2025-09-23T18:07:17","guid":{"rendered":"https:\/\/www.europesays.com\/pt\/83610\/"},"modified":"2025-09-23T18:07:17","modified_gmt":"2025-09-23T18:07:17","slug":"apos-ser-revelado-o-leque-de-nomeados-do-secret-story-9-diana-lopes-deixa-apelo","status":"publish","type":"post","link":"https:\/\/www.europesays.com\/pt\/83610\/","title":{"rendered":"Ap\u00f3s ser revelado o leque de nomeados do Secret Story 9, Diana Lopes deixa apelo"},"content":{"rendered":"<p>\t\t\t\t\t\t\t\t\t\t\t\t<a href=\"#\" onclick=\"window.open('http:\/\/www.facebook.com\/sharer.php?u=https:\/\/cusquices.com\/apos-ser-revelado-o-leque-de-nomeados-do-secret-story-9-diana-lopes-deixa-apelo\/&amp;t=Ap\u00f3s ser revelado o leque de nomeados do Secret Story 9, Diana Lopes deixa apelo', 'facebookShare', 'width=626,height=436'); return false;\" title=\"Share on Facebook\"><\/p>\n<p>Share<\/p>\n<p><\/a><br \/>\n\t\t\t\t\t\t\t\t\t\t\t\t<a href=\"#\" onclick=\"window.open('http:\/\/twitter.com\/share?text=Ap\u00f3s ser revelado o leque de nomeados do Secret Story 9, Diana Lopes deixa apelo -&amp;url=https:\/\/cusquices.com\/apos-ser-revelado-o-leque-de-nomeados-do-secret-story-9-diana-lopes-deixa-apelo\/', 'twitterShare', 'width=626,height=436'); return false;\" title=\"Tweet This Post\"><\/p>\n<p>Tweet<\/p>\n<p><\/a><br \/>\n\t\t\t\t\t\t\t\t\t\t\t\t<a href=\"whatsapp:\/\/send?text=Ap\u00f3s ser revelado o leque de nomeados do Secret Story 9, Diana Lopes deixa apelo https:\/\/cusquices.com\/apos-ser-revelado-o-leque-de-nomeados-do-secret-story-9-diana-lopes-deixa-apelo\/\" rel=\"nofollow\"><\/p>\n<p>Share<\/p>\n<p><\/a><br \/>\n\t\t\t\t\t\t\t\t\t\t\t\t<a href=\"#\" onclick=\"window.open('http:\/\/pinterest.com\/pin\/create\/button\/?url=https:\/\/cusquices.com\/apos-ser-revelado-o-leque-de-nomeados-do-secret-story-9-diana-lopes-deixa-apelo\/&amp;media=https:\/\/cusquices.com\/wp-content\/uploads\/2025\/09\/dianalopes-1000x600.jpg&amp;description=Ap\u00f3s ser revelado o leque de nomeados do Secret Story 9, Diana Lopes deixa apelo', 'pinterestShare', 'width=750,height=350'); return false;\" title=\"Pin This Post\"><\/p>\n<p>Share<\/p>\n<p><\/a><br \/>\n\t\t\t\t\t\t\t\t\t\t\t\t<a href=\"mailto:?subject=Ap\u00f3s ser revelado o leque de nomeados do Secret Story 9, Diana Lopes deixa apelo&amp;BODY=I found this article interesting and thought of sharing it with you. Check it out: https:\/\/cusquices.com\/apos-ser-revelado-o-leque-de-nomeados-do-secret-story-9-diana-lopes-deixa-apelo\/\"><\/p>\n<p>Email<\/p>\n<p><\/a><br \/>\n\t\t\t\t\t\t\t\t\t\t\t\t\t\t\t\t\t\t\t\t\t\t\t\t\t\t\t\t\t\t\t\t\t\t\t\t\t\t\t\t\t\t\t\t\t\t\t\t\t\t\t\t\t<a href=\"https:\/\/cusquices.com\/apos-ser-revelado-o-leque-de-nomeados-do-secret-story-9-diana-lopes-deixa-apelo\/#respond\" rel=\"nofollow noopener\" target=\"_blank\"><\/p>\n<p>Na noite desta segunda-feira, 22 de setembro, Cristina Ferreira voltou a assumir a condu\u00e7\u00e3o do Secret Story 9 com mais um especial marcado por fortes emo\u00e7\u00f5es e acesas discuss\u00f5es entre os concorrentes. Na reta final da emiss\u00e3o, ficamos finalmente a conhecer o leque de nomeados desta semana \u2014 I<strong>n\u00eas, Carina, F\u00e1bio, Leandro e Liliana<\/strong>, s\u00e3o os concorrentes em risco esta semana.<\/p>\n<p>Atenta ao desenrolar do jogo, a comentadora <strong>Diana Lopes<\/strong> n\u00e3o perdeu tempo e recorreu \u00e0s suas redes sociais para lan\u00e7ar um apelo aos seus seguidores.<\/p>\n<p><strong>\u201cN\u00e3o sejam inimigos do entretenimento pfff [ por favor]. Ainda vamos na 2\u00aa semana.\u201d<\/strong>, apelou Diana Lopes.<\/p>\n<p><img loading=\"lazy\" decoding=\"async\" width=\"572\" height=\"1024\" src=\"https:\/\/www.europesays.com\/pt\/wp-content\/uploads\/2025\/09\/dianal-apelo-572x1024.png\" alt=\"\" class=\"wp-image-98706 webpexpress-processed\"  \/><\/p>\n<p><strong>Leia tamb\u00e9m:<\/strong><\/p>\n<p>\t\t\t\t\t\t\t\t\t\t\t\t\t\t\t\t\t\t\t\t\t\t\t\t\t<img decoding=\"async\" src=\"https:\/\/www.europesays.com\/pt\/wp-content\/uploads\/2025\/09\/1758443114_763_cusquices-logo-52x.png\" class=\"webpexpress-processed\"\/><\/p>\n<p>\t\t\t\t\t\t\t\t\t\t\t\t\t\t\t\t\t\t\t\t\t            \t\t\t\t\t\t\t\t\t\t\t\t\t\t\t\t\t\t\t\t\t\t\t\t\t\t\t\t\t\t\t\t\t\t\t\t\t\t\t<script async src=\"https:\/\/platform.twitter.com\/widgets.js\" charset=\"utf-8\"><\/script><\/p>\n","protected":false},"excerpt":{"rendered":"Share Tweet Share Share Email Na noite desta segunda-feira, 22 de setembro, Cristina Ferreira voltou a assumir a&hellip;\n","protected":false},"author":2,"featured_media":83611,"comment_status":"","ping_status":"","sticky":false,"template":"","format":"standard","meta":{"footnotes":""},"categories":[8],"tags":[27,28,2632,49,558,15,16,14,25,26,21,22,12,13,19,20,32,23,24,33,17,18,29,30,31],"class_list":{"0":"post-83610","1":"post","2":"type-post","3":"status-publish","4":"format-standard","5":"has-post-thumbnail","7":"category-principais-noticias","8":"tag-breaking-news","9":"tag-breakingnews","10":"tag-casa-dos-segredos","11":"tag-destaques","12":"tag-diana-lopes","13":"tag-featured-news","14":"tag-featurednews","15":"tag-headlines","16":"tag-latest-news","17":"tag-latestnews","18":"tag-main-news","19":"tag-mainnews","20":"tag-news","21":"tag-noticias","22":"tag-noticias-principais","23":"tag-noticiasprincipais","24":"tag-portugal","25":"tag-principais-noticias","26":"tag-principaisnoticias","27":"tag-pt","28":"tag-top-stories","29":"tag-topstories","30":"tag-ultimas","31":"tag-ultimas-noticias","32":"tag-ultimasnoticias"},"share_on_mastodon":{"url":"","error":""},"_links":{"self":[{"href":"https:\/\/www.europesays.com\/pt\/wp-json\/wp\/v2\/posts\/83610","targetHints":{"allow":["GET"]}}],"collection":[{"href":"https:\/\/www.europesays.com\/pt\/wp-json\/wp\/v2\/posts"}],"about":[{"href":"https:\/\/www.europesays.com\/pt\/wp-json\/wp\/v2\/types\/post"}],"author":[{"embeddable":true,"href":"https:\/\/www.europesays.com\/pt\/wp-json\/wp\/v2\/users\/2"}],"replies":[{"embeddable":true,"href":"https:\/\/www.europesays.com\/pt\/wp-json\/wp\/v2\/comments?post=83610"}],"version-history":[{"count":0,"href":"https:\/\/www.europesays.com\/pt\/wp-json\/wp\/v2\/posts\/83610\/revisions"}],"wp:featuredmedia":[{"embeddable":true,"href":"https:\/\/www.europesays.com\/pt\/wp-json\/wp\/v2\/media\/83611"}],"wp:attachment":[{"href":"https:\/\/www.europesays.com\/pt\/wp-json\/wp\/v2\/media?parent=83610"}],"wp:term":[{"taxonomy":"category","embeddable":true,"href":"https:\/\/www.europesays.com\/pt\/wp-json\/wp\/v2\/categories?post=83610"},{"taxonomy":"post_tag","embeddable":true,"href":"https:\/\/www.europesays.com\/pt\/wp-json\/wp\/v2\/tags?post=83610"}],"curies":[{"name":"wp","href":"https:\/\/api.w.org\/{rel}","templated":true}]}}