{"id":83618,"date":"2025-09-23T18:12:08","date_gmt":"2025-09-23T18:12:08","guid":{"rendered":"https:\/\/www.europesays.com\/pt\/83618\/"},"modified":"2025-09-23T18:12:08","modified_gmt":"2025-09-23T18:12:08","slug":"ja-sou-aquele-vo-bobao-e-otimo","status":"publish","type":"post","link":"https:\/\/www.europesays.com\/pt\/83618\/","title":{"rendered":"&#8216;J\u00e1 sou aquele v\u00f4 bob\u00e3o, \u00e9 \u00f3timo&#8217;"},"content":{"rendered":"\n<p class=\" content-text__container theme-color-primary-first-letter\" data-track-category=\"Link no Texto\" data-track-links=\"\"> A fam\u00edlia de <a class=\"\" href=\"https:\/\/oglobo.globo.com\/cultura\/noticia\/2024\/09\/12\/jon-bon-jovi-que-salvou-mulher-em-ponte-lida-rotineiramente-com-pessoas-em-crise-entenda.ghtml\" rel=\"nofollow noopener\" target=\"_blank\">Jon Bon Jovi<\/a> est\u00e1 crescendo. O cantor de 63 anos assumiu recentemente um novo t\u00edtulo: av\u00f4. E sua alegria com a chegada da primeira neta o levou a refletir sobre que tipo de av\u00f4 ele \u00e9 e por que est\u00e1 t\u00e3o animado em assumir esse papel. &#8220;J\u00e1 sou aquele v\u00f4 bob\u00e3o, e sim, \u00e9 \u00f3timo&#8221;, afirmou. <\/p>\n<ul class=\"content-unordered-list\">\n<li><strong>Festival do Rio:<\/strong> <a class=\"\" href=\"https:\/\/oglobo.globo.com\/cultura\/noticia\/2025\/09\/23\/juliette-binoche-visitara-o-brasil-para-apresentar-filme-de-estreia-como-diretora-no-festival-do-rio.ghtml\" rel=\"nofollow noopener\" target=\"_blank\">Juliette Binoche visitar\u00e1 o Brasil para apresentar filme de estreia como diretora<\/a><\/li>\n<li><strong>Novo projeto: <\/strong><a class=\"\" href=\"https:\/\/oglobo.globo.com\/cultura\/noticia\/2025\/09\/23\/selton-mello-esta-no-elenco-de-novo-filme-da-diretora-chilena-dominga-sotomayor-diz-site.ghtml\" rel=\"nofollow noopener\" target=\"_blank\">Selton Mello est\u00e1 no elenco de novo filme da diretora chilena Dominga Sotomayor, diz site<\/a><\/li>\n<\/ul>\n<p class=\" content-text__container \" data-track-category=\"Link no Texto\" data-track-links=\"\"> Durante um bate-papo no podcast Dumb Blonde, Bon Jovi falou sobre seu filho, Jake Bongiovi, rec\u00e9m-casado com a atriz Millie Bobby Brown. Em agosto passado, o casal anunciou a ado\u00e7\u00e3o de uma menina, pouco mais de um ano ap\u00f3s o casamento. Sobre a novidade, o m\u00fasico confessou: \u201c\u00c9 incr\u00edvel, muito louco, mas lindo. Eles adotaram uma menina e, claro, fomos conhecer a beb\u00ea, e ela imediatamente se tornou nossa neta. Entende o que quero dizer? Nossa beb\u00ea.\u201d <\/p>\n<p class=\" content-text__container \" data-track-category=\"Link no Texto\" data-track-links=\"\"> E longe de ser um av\u00f4 distante, Bon Jovi reconheceu que n\u00e3o consegue evitar ficar em cima do filho e da nora, perguntando sobre a filhinha. &#8220;Tudo \u00e9 lindo, e eu quero ver fotos quase todos os dias&#8221;, reconheceu o artista. <\/p>\n<p class=\" content-text__container \" data-track-category=\"Link no Texto\" data-track-links=\"\"> Sobre a estrela de &#8220;Stranger Things&#8221;, o cantor teve palavras muito gentis, dizendo: \u201cEla \u00e9 muito doce e trabalha muito duro. Eu digo a ela o tempo todo o quanto a admiro porque sua \u00e9tica de trabalho \u00e9 impressionante.\u201d E referindo-se ao casamento de Bobby Brown e Jake Bongiovi, quando ambos tinham pouco mais de vinte anos, a musicista acrescentou: \u201cEles se casaram muito jovens, mas n\u00f3s est\u00e1vamos l\u00e1 para eles porque entend\u00edamos o que estava acontecendo l\u00e1. Eles s\u00e3o mais maduros do que a idade deles. Ela vem de uma fam\u00edlia onde seus pais ainda est\u00e3o juntos, tendo se casado muito jovens. Ela e Jake se apaixonaram, e eu disse que iria apoi\u00e1-los, e tudo est\u00e1 dando muito certo.\u201d <\/p>\n<p class=\" content-text__container \" data-track-category=\"Link no Texto\" data-track-links=\"\"> Em outro momento da conversa, o artista revelou que seu outro filho, Jesse Bongiovi, tamb\u00e9m est\u00e1 esperando um beb\u00ea com a companheira, ent\u00e3o em breve haver\u00e1 um segundo neto na fam\u00edlia. <\/p>\n<p>O casamento de Jake e Millie<\/p>\n<p class=\" content-text__container \" data-track-category=\"Link no Texto\" data-track-links=\"\"> Em maio do ano passado, Jon Bon Jovi confirmou uma not\u00edcia importante envolvendo seu filho Jake e sua parceira, Bobby Brown. Na ocasi\u00e3o, o roqueiro anunciou com orgulho que o casal, de 22 e 20 anos, havia se casado. <\/p>\n<p>       <img decoding=\"async\" class=\"content-media__image\"  src=\"https:\/\/www.europesays.com\/pt\/wp-content\/uploads\/2025\/09\/jake-bongiovi-millie-bobby-brown.jpg\" alt=\"O casal Jake Bongiovi e Millie Bobby Brown \u2014 Foto: @jakebongiovi no Instagram\" width=\"1080\" height=\"810\" loading=\"lazy\"\/>  O casal Jake Bongiovi e Millie Bobby Brown \u2014 Foto: @jakebongiovi no Instagram        <\/p>\n<p class=\" content-text__container \" data-track-category=\"Link no Texto\" data-track-links=\"\"> &#8220;Eles s\u00e3o \u00f3timos. S\u00e3o absolutamente fant\u00e1sticos. Foi um casamento em fam\u00edlia muito simples, e a noiva estava linda&#8221;, disse ele em entrevista no programa The One Show, da BBC. Como noticiado anteriormente pelo The Sun, apenas o m\u00fasico, sua esposa Dorothea Bongiovi e os pais da atriz de &#8220;Stranger Things&#8221; compareceram \u00e0 cerim\u00f4nia. <\/p>\n","protected":false},"excerpt":{"rendered":"A fam\u00edlia de Jon Bon Jovi est\u00e1 crescendo. O cantor de 63 anos assumiu recentemente um novo t\u00edtulo:&hellip;\n","protected":false},"author":2,"featured_media":83619,"comment_status":"","ping_status":"","sticky":false,"template":"","format":"standard","meta":{"footnotes":""},"categories":[141],"tags":[114,115,319,149,150,32,33],"class_list":{"0":"post-83618","1":"post","2":"type-post","3":"status-publish","4":"format-standard","5":"has-post-thumbnail","7":"category-musica","8":"tag-entertainment","9":"tag-entretenimento","10":"tag-hard-news","11":"tag-music","12":"tag-musica","13":"tag-portugal","14":"tag-pt"},"share_on_mastodon":{"url":"","error":""},"_links":{"self":[{"href":"https:\/\/www.europesays.com\/pt\/wp-json\/wp\/v2\/posts\/83618","targetHints":{"allow":["GET"]}}],"collection":[{"href":"https:\/\/www.europesays.com\/pt\/wp-json\/wp\/v2\/posts"}],"about":[{"href":"https:\/\/www.europesays.com\/pt\/wp-json\/wp\/v2\/types\/post"}],"author":[{"embeddable":true,"href":"https:\/\/www.europesays.com\/pt\/wp-json\/wp\/v2\/users\/2"}],"replies":[{"embeddable":true,"href":"https:\/\/www.europesays.com\/pt\/wp-json\/wp\/v2\/comments?post=83618"}],"version-history":[{"count":0,"href":"https:\/\/www.europesays.com\/pt\/wp-json\/wp\/v2\/posts\/83618\/revisions"}],"wp:featuredmedia":[{"embeddable":true,"href":"https:\/\/www.europesays.com\/pt\/wp-json\/wp\/v2\/media\/83619"}],"wp:attachment":[{"href":"https:\/\/www.europesays.com\/pt\/wp-json\/wp\/v2\/media?parent=83618"}],"wp:term":[{"taxonomy":"category","embeddable":true,"href":"https:\/\/www.europesays.com\/pt\/wp-json\/wp\/v2\/categories?post=83618"},{"taxonomy":"post_tag","embeddable":true,"href":"https:\/\/www.europesays.com\/pt\/wp-json\/wp\/v2\/tags?post=83618"}],"curies":[{"name":"wp","href":"https:\/\/api.w.org\/{rel}","templated":true}]}}