{"id":83766,"date":"2025-09-23T20:11:09","date_gmt":"2025-09-23T20:11:09","guid":{"rendered":"https:\/\/www.europesays.com\/pt\/83766\/"},"modified":"2025-09-23T20:11:09","modified_gmt":"2025-09-23T20:11:09","slug":"quem-tem-passagem-pela-policia-aqui-e-voce-record","status":"publish","type":"post","link":"https:\/\/www.europesays.com\/pt\/83766\/","title":{"rendered":"\u2018Quem tem passagem pela pol\u00edcia aqui \u00e9 voc\u00ea!\u2019 \u2013 Record"},"content":{"rendered":"<p>A treta come\u00e7ou por conta da divis\u00e3o de camas em A Fazenda 17<\/p>\n<p class=\"article-text-xxxs article-text-neutral-low-500 dark:article-text-neutral-high-400\"><a href=\"https:\/\/record.r7.com\/a-fazenda\/a-fazenda-17\/novidades\" title=\"Novidades\" class=\"article-editorial-text article-font-semibold article-uppercase dark:!article-text-neutral-high-400\" rel=\"nofollow noopener\" target=\"_blank\">Novidades<\/a>|Do R7<\/p>\n<p class=\"article-uppercase article-text-little article-text-age-rating-18anos-500 dark:article-text-neutral-high-400\">23\/09\/2025 &#8211; 11h39 (Atualizado em 23\/09\/2025 &#8211; 11h39)<\/p>\n<ul class=\"article-flex article-items-center article-gap-nano sm:article-gap-quark\">\n<li class=\"article-size-sm sm:article-size-xs article-flex article-justify-center article-items-center article-border-solid article-border-hairline dark:article-border-[1px] dark:article-border-solid dark:article-border-neutral-high-400 dark:article-text-neutral-high-400 article-bg-article-social article-p-[6px] sm:article-p-quark article-border-dark-high-500 article-rounded-md \">X (Twitter)<\/li>\n<li class=\"article-size-sm sm:article-size-xs article-flex article-justify-center article-items-center article-border-solid article-border-hairline dark:article-border-[1px] dark:article-border-solid dark:article-border-neutral-high-400 dark:article-text-neutral-high-400 article-bg-article-social article-p-[6px] sm:article-p-quark article-border-dark-high-500 article-rounded-md \">Facebook<\/li>\n<li class=\"article-size-sm sm:article-size-xs article-flex article-justify-center article-items-center article-border-solid article-border-hairline dark:article-border-[1px] dark:article-border-solid dark:article-border-neutral-high-400 dark:article-text-neutral-high-400 article-bg-article-social article-p-[6px] sm:article-p-quark article-border-dark-high-500 article-rounded-md \">LinkedIn<\/li>\n<li class=\"article-size-sm sm:article-size-xs article-flex article-justify-center article-items-center article-border-solid article-border-hairline dark:article-border-[1px] dark:article-border-solid dark:article-border-neutral-high-400 dark:article-text-neutral-high-400 article-bg-article-social article-p-[6px] sm:article-p-quark article-border-dark-high-500 article-rounded-md \">WhatsApp<\/li>\n<li class=\"article-size-sm sm:article-size-xs article-flex article-justify-center article-items-center article-border-solid article-border-hairline dark:article-border-[1px] dark:article-border-solid dark:article-border-neutral-high-400 dark:article-text-neutral-high-400 article-bg-article-social article-p-[6px] sm:article-p-quark article-border-dark-high-500 article-rounded-md \"><a href=\"https:\/\/news.google.com\/publications\/CAAqBwgKMKqrkQswvPqlAw?ceid=BR:pt-419&amp;oc=3&amp;hl=pt-BR&amp;gl=BR\" rel=\"noreferrer nofollow noopener\" target=\"_blank\" title=\"Acesse o Google News\">Google News<\/a><\/li>\n<li class=\"article-size-sm sm:article-size-xs article-flex article-justify-center article-items-center article-border-solid article-border-hairline dark:article-border-[1px] dark:article-border-solid dark:article-border-neutral-high-400 dark:article-text-neutral-high-400 article-bg-article-social article-p-[6px] sm:article-p-quark article-border-dark-high-500 article-rounded-md \">Link de compartilhamento<\/li>\n<\/ul>\n<p><img decoding=\"async\" data-chromatic=\"ignore\" alt=\"\" class=\"c-image\" loading=\"lazy\" src=\"https:\/\/www.europesays.com\/pt\/wp-content\/uploads\/2025\/09\/EN7C3W65LBDYDK55D3K5N2K4GI.png\"  width=\"2116\" height=\"1153\"\/>Carol Lekker e Rayane Figliuzzi colocaram fogo na sede! Reprodu\u00e7\u00e3o\/RecordPlus <\/p>\n<p class=\"dark:base-text-neutral-high-400 base-text-[calc(theme(fontSize.xs)_*_var(--font-size,_1))] base-font-normal base-font-primary base-text-neutral-low-500 base-text-left\"><a href=\"https:\/\/record.r7.com\/a-fazenda\/a-fazenda-17\/\" target=\"_self\" rel=\"nofollow noopener\" title=\"https:\/\/record.r7.com\/a-fazenda\/a-fazenda-17\/\"><b>A Fazenda 17<\/b><\/a> serviu caf\u00e9 com \u00f3dio na manh\u00e3 desta ter\u00e7a (23)! Tudo come\u00e7ou com reclama\u00e7\u00f5es dos homens sobre as mulheres n\u00e3o participarem do rod\u00edzio de camas. <a href=\"https:\/\/record.r7.com\/a-fazenda\/a-fazenda-17\/peoes\/carol-lekker\" target=\"_self\" title=\"Carol Lekker\" rel=\"nofollow noopener\"><b>Carol Lekker<\/b><\/a><b> <\/b>n\u00e3o curtiu o assunto, e alegou que algumas peoas, como <a href=\"https:\/\/record.r7.com\/a-fazenda\/a-fazenda-17\/peoes\/rayane-figliuzzi\" target=\"_self\" title=\"Rayane Figliuzzi\" rel=\"nofollow noopener\"><b>Rayane Figliuzzi<\/b><\/a>, nunca dormiram no ch\u00e3o. As duas se estranharam e o barraco foi pesad\u00edssimo!<\/p>\n<p class=\"dark:base-text-neutral-high-400 base-text-[calc(theme(fontSize.xs)_*_var(--font-size,_1))] base-font-normal base-font-primary base-text-neutral-low-500 base-text-left\"><a href=\"https:\/\/record.r7.com\/a-fazenda\/a-fazenda-17\/peoes\/fernando-sampaio\" target=\"_self\" title=\"Fernando Sampaio\" rel=\"nofollow noopener\"><b>Fernando Sampaio<\/b><\/a> puxou o tema, pois estava com dores por dormir no ch\u00e3o, e apontou que todos jogam igualmente no reality rural. Para o ator, todos deviam participar de um rod\u00edzio de camas, inclusive as peoas. Carol disse que n\u00e3o cederia sua cama, antes de Ray ou<b> <\/b><a href=\"https:\/\/record.r7.com\/a-fazenda\/a-fazenda-17\/peoes\/michelle-barros\" target=\"_self\" title=\"Michelle Barros\" rel=\"nofollow noopener\"><b>Michelle Barros<\/b><\/a><b> <\/b>dormirem no ch\u00e3o tamb\u00e9m. <a href=\"https:\/\/record.r7.com\/a-fazenda\/a-fazenda-17\/peoes\/will-guimaraes\" target=\"_self\" title=\"Will Guimar&#xE3;es\" rel=\"nofollow noopener\"><b>Will Guimar\u00e3es<\/b><\/a> e <a href=\"https:\/\/record.r7.com\/a-fazenda\/a-fazenda-17\/peoes\/gabily\" target=\"_self\" title=\"Gabily\" rel=\"nofollow noopener\"><b>Gabily<\/b><\/a><b> <\/b>tamb\u00e9m entraram na discuss\u00e3o.<\/p>\n<p><b>Assista:<\/b><\/p>\n<p class=\"dark:base-text-neutral-high-400 base-text-[calc(theme(fontSize.xs)_*_var(--font-size,_1))] base-font-normal base-font-primary base-text-neutral-low-500 base-text-left\">A Fazendeira estava na \u00e1rea dos animais, e subiu para fazer um lanchinho. Carol citou Ray, que n\u00e3o dorme no ch\u00e3o, e a briga come\u00e7ou. A mandachuva disse que a Miss Bumbum n\u00e3o trabalha no trato e tamb\u00e9m n\u00e3o limpa a sede. Carol alegou que n\u00e3o teria medo de enfrentar a rival, e a gritaria se espalhou com xingamentos e encarada.<\/p>\n<p><b>Se liga:<\/b><\/p>\n<p class=\"dark:base-text-neutral-high-400 base-text-[calc(theme(fontSize.xs)_*_var(--font-size,_1))] base-font-normal base-font-primary base-text-neutral-low-500 base-text-left\">Ray soltou que Carol sabe quatro l\u00ednguas, mas n\u00e3o fala nenhuma direito, e Carol retrucou, alegando que a rival s\u00f3 est\u00e1 no reality por ser \u2018namorada de fulano\u2019: \u201cT\u00e1 aqui por qu\u00ea? Voc\u00ea \u00e9 quem? O que voc\u00ea fez? Eu t\u00f4 aqui pelo meu m\u00e9rito, pelo meu nome. Como Jojo falou, vai ser sempre lembrada como ex de, namorada de&#8230;\u201d<\/p>\n<p class=\"dark:base-text-neutral-high-400 base-text-[calc(theme(fontSize.xs)_*_var(--font-size,_1))] base-font-normal base-font-primary base-text-neutral-low-500 base-text-left\">Elas chegaram a se encarar v\u00e1rias vezes, e os pe\u00f5es ficaram atentos com medo de rolar agrass\u00e3o.<\/p>\n<p><b>Veja:<\/b><\/p>\n<p class=\"dark:base-text-neutral-high-400 base-text-[calc(theme(fontSize.xs)_*_var(--font-size,_1))] base-font-normal base-font-primary base-text-neutral-low-500 base-text-left\">Carol ainda pegou um copo de \u00e1gua e disparou: \u201cJoga na minha [cara]. Voc\u00ea jogou na cara de uma mulher de 50 anos!\u201d. Ray manteve a calma e disse que se a inimiga quisesse agredi-la, ela estava ali: \u201cN\u00e3o vou te bater!\u201d.<\/p>\n<p class=\"dark:base-text-neutral-high-400 base-text-[calc(theme(fontSize.xs)_*_var(--font-size,_1))] base-font-normal base-font-primary base-text-neutral-low-500 base-text-left\">Durante a treta, a Miss Bumbum falou que a influenciadora tinha \u2018ficha suja\u2019 e afirmou: \u201cQuem tem passagem pela pol\u00edcia aqui \u00e9 voc\u00ea, senhora!\u201d.<\/p>\n<p class=\"dark:base-text-neutral-high-400 base-text-[calc(theme(fontSize.xs)_*_var(--font-size,_1))] base-font-normal base-font-primary base-text-neutral-low-500 base-text-left\">O fim da briga s\u00f3 aconteceu, pois Carol se retirou do local, mas n\u00e3o antes de xingar Rayane.<\/p>\n<p><b>Se liga:<\/b><\/p>\n<p class=\"dark:base-text-neutral-high-400 base-text-[calc(theme(fontSize.xs)_*_var(--font-size,_1))] base-font-normal base-font-primary base-text-neutral-low-500 base-text-left\">Com os amigos, Ray decretou: \u201cT\u00e1 na Ro\u00e7a para largar de ser ot\u00e1ria, na pr\u00f3xima vez pense antes de brigar com a Fazendeira!\u201d.<\/p>\n<p class=\"dark:base-text-neutral-high-400 base-text-[calc(theme(fontSize.xs)_*_var(--font-size,_1))] base-font-normal base-font-primary base-text-neutral-low-500 base-text-left\">Parece que a forma\u00e7\u00e3o da Ro\u00e7a ser\u00e1 agitada, n\u00e3o perca!<\/p>\n<p class=\"dark:base-text-neutral-high-400 base-text-[calc(theme(fontSize.xs)_*_var(--font-size,_1))] base-font-normal base-font-primary base-text-neutral-low-500 base-text-left\">Fique ligado! <a href=\"https:\/\/record.r7.com\/a-fazenda\/a-fazenda-17\/\" rel=\"nofollow noopener\" title=\"https:\/\/record.r7.com\/a-fazenda\/a-fazenda-17\/\" target=\"_blank\"><b>A Fazenda 17<\/b><\/a> vai ao ar de segunda a domingo, \u00e0s 22h30, na tela da <a href=\"https:\/\/record.r7.com\/\" rel=\"nofollow noopener\" target=\"_blank\"><b>RECORD<\/b><\/a>. Assine o <a href=\"https:\/\/www.recordplus.com\/home\" rel=\"nofollow noopener\" title=\"https:\/\/www.recordplus.com\/home\" target=\"_blank\"><b>RecordPlus<\/b><\/a> e tenha acesso \u00e0s c\u00e2meras 24 horas.<\/p>\n<p><b>Miss\u00e3o imposs\u00edvel? Relembre os comandos dos infiltrados de A Fazenda 17<\/b><\/p>\n<p class=\"dark:base-text-neutral-high-400 base-text-[calc(theme(fontSize.xxs)_*_var(--font-size,_1))] base-font-semibold base-font-primary base-text-neutral-low-500 base-text-left\">A din\u00e2mica dos infiltrados agitou A Fazenda 17! Carol Lekker e Matheus Martins deram o que falar tentando cumprir as miss\u00f5es divertidas do programa, afinal, estavam concorrendo a um pr\u00eamio de R$ 50 mil. Relembre os comandos!<\/p>\n<ul class=\"article-flex article-items-center article-gap-nano sm:article-gap-quark\">\n<li class=\"article-size-sm sm:article-size-xs article-flex article-justify-center article-items-center article-border-solid article-border-hairline dark:article-border-[1px] dark:article-border-solid dark:article-border-neutral-high-400 dark:article-text-neutral-high-400 article-bg-article-social article-p-[6px] sm:article-p-quark article-border-dark-high-500 article-rounded-md \"><a href=\"https:\/\/news.google.com\/publications\/CAAqBwgKMKqrkQswvPqlAw?ceid=BR:pt-419&amp;oc=3&amp;hl=pt-BR&amp;gl=BR\" rel=\"noreferrer nofollow noopener\" target=\"_blank\" title=\"Acesse o Google News\">Google News<\/a><\/li>\n<li class=\"article-size-sm sm:article-size-xs article-flex article-justify-center article-items-center article-border-solid article-border-hairline dark:article-border-[1px] dark:article-border-solid dark:article-border-neutral-high-400 dark:article-text-neutral-high-400 article-bg-article-social article-p-[6px] sm:article-p-quark article-border-dark-high-500 article-rounded-md \">Facebook<\/li>\n<li class=\"article-size-sm sm:article-size-xs article-flex article-justify-center article-items-center article-border-solid article-border-hairline dark:article-border-[1px] dark:article-border-solid dark:article-border-neutral-high-400 dark:article-text-neutral-high-400 article-bg-article-social article-p-[6px] sm:article-p-quark article-border-dark-high-500 article-rounded-md \">X (Twitter)<\/li>\n<li class=\"article-size-sm sm:article-size-xs article-flex article-justify-center article-items-center article-border-solid article-border-hairline dark:article-border-[1px] dark:article-border-solid dark:article-border-neutral-high-400 dark:article-text-neutral-high-400 article-bg-article-social article-p-[6px] sm:article-p-quark article-border-dark-high-500 article-rounded-md \">WhatsApp<\/li>\n<li class=\"article-size-sm sm:article-size-xs article-flex article-justify-center article-items-center article-border-solid article-border-hairline dark:article-border-[1px] dark:article-border-solid dark:article-border-neutral-high-400 dark:article-text-neutral-high-400 article-bg-article-social article-p-[6px] sm:article-p-quark article-border-dark-high-500 article-rounded-md \">LinkedIn<\/li>\n<li class=\"article-size-sm sm:article-size-xs article-flex article-justify-center article-items-center article-border-solid article-border-hairline dark:article-border-[1px] dark:article-border-solid dark:article-border-neutral-high-400 dark:article-text-neutral-high-400 article-bg-article-social article-p-[6px] sm:article-p-quark article-border-dark-high-500 article-rounded-md \">Link de compartilhamento<\/li>\n<\/ul>\n","protected":false},"excerpt":{"rendered":"A treta come\u00e7ou por conta da divis\u00e3o de camas em A Fazenda 17 Novidades|Do R7 23\/09\/2025 &#8211; 11h39&hellip;\n","protected":false},"author":2,"featured_media":83767,"comment_status":"","ping_status":"","sticky":false,"template":"","format":"standard","meta":{"footnotes":""},"categories":[145],"tags":[657,21355,211,210,114,115,32,33,15359],"class_list":{"0":"post-83766","1":"post","2":"type-post","3":"status-publish","4":"format-standard","5":"has-post-thumbnail","7":"category-celebridades","8":"tag-a-fazenda","9":"tag-carol-lekker","10":"tag-celebridades","11":"tag-celebrities","12":"tag-entertainment","13":"tag-entretenimento","14":"tag-portugal","15":"tag-pt","16":"tag-rayane-figliuzzi"},"share_on_mastodon":{"url":"","error":""},"_links":{"self":[{"href":"https:\/\/www.europesays.com\/pt\/wp-json\/wp\/v2\/posts\/83766","targetHints":{"allow":["GET"]}}],"collection":[{"href":"https:\/\/www.europesays.com\/pt\/wp-json\/wp\/v2\/posts"}],"about":[{"href":"https:\/\/www.europesays.com\/pt\/wp-json\/wp\/v2\/types\/post"}],"author":[{"embeddable":true,"href":"https:\/\/www.europesays.com\/pt\/wp-json\/wp\/v2\/users\/2"}],"replies":[{"embeddable":true,"href":"https:\/\/www.europesays.com\/pt\/wp-json\/wp\/v2\/comments?post=83766"}],"version-history":[{"count":0,"href":"https:\/\/www.europesays.com\/pt\/wp-json\/wp\/v2\/posts\/83766\/revisions"}],"wp:featuredmedia":[{"embeddable":true,"href":"https:\/\/www.europesays.com\/pt\/wp-json\/wp\/v2\/media\/83767"}],"wp:attachment":[{"href":"https:\/\/www.europesays.com\/pt\/wp-json\/wp\/v2\/media?parent=83766"}],"wp:term":[{"taxonomy":"category","embeddable":true,"href":"https:\/\/www.europesays.com\/pt\/wp-json\/wp\/v2\/categories?post=83766"},{"taxonomy":"post_tag","embeddable":true,"href":"https:\/\/www.europesays.com\/pt\/wp-json\/wp\/v2\/tags?post=83766"}],"curies":[{"name":"wp","href":"https:\/\/api.w.org\/{rel}","templated":true}]}}