{"id":83800,"date":"2025-09-23T20:43:14","date_gmt":"2025-09-23T20:43:14","guid":{"rendered":"https:\/\/www.europesays.com\/pt\/83800\/"},"modified":"2025-09-23T20:43:14","modified_gmt":"2025-09-23T20:43:14","slug":"melhor-tema-e-no-top-3-da-arquitetura-e-das-expolympics-pavilhao-de-portugal-em-osaka-ja-e-campeao","status":"publish","type":"post","link":"https:\/\/www.europesays.com\/pt\/83800\/","title":{"rendered":"Melhor tema e no top 3 da Arquitetura e das Expolympics. Pavilh\u00e3o de Portugal em Osaka j\u00e1 \u00e9 campe\u00e3o"},"content":{"rendered":"<p>Cordas suspensas e redes recicladas, &#8220;criando um efeito perene e exposto aos elementos naturais, como o sol e o vento&#8221;, faziam do edif\u00edcio uma miragem do oceano em plena terra que se destacava na paisagem. Planeado e executado pela AICEP &#8211; Ag\u00eancia para o Investimento e Com\u00e9rcio Externo de Portugal e projetado pelo reconhecido arquiteto japon\u00eas Kengo Kuma, a emblem\u00e1tica arquitetura exterior e o programa de atividades que atraiu cerca de 2 milh\u00f5es de visitantes j\u00e1 \u00e9 vencedora. Bem como o mundo nele contido.<\/p>\n<p>O Pavilh\u00e3o de Portugal em Osaka venceu o primeiro pr\u00e9mio, sendo o \u201cOceano, Di\u00e1logo Azul\u201d considerado o melhor tema na Expo 2025 Osaka. Al\u00e9m do Ouro na categoria Melhor Conceito Tem\u00e1tico, sublinhando a necessidade da preserva\u00e7\u00e3o dos oceanos, da consci\u00eancia ambiental e da responsabilidade global, o nosso Pavilh\u00e3o foi ainda distinguido com dois bronzes, nas categorias de Melhor Arquitetura Exterior e Melhor Apresenta\u00e7\u00e3o no World Expolympics.\u00a0<\/p>\n<p>Os pr\u00e9mios, anunciados durante uma cerim\u00f3nia especial que teve lugar no Pavilh\u00e3o dos EUA, chegam no contexto da competi\u00e7\u00e3o internacional promovida pela Experiential Design Authority (TEDA), que ainda deu ao Pavilh\u00e3o de Portugal o 4.\u00ba lugar nas categorias de Melhor Pavilh\u00e3o M\u00e9dio e Melhor Mascote. O Umi, um cavalo-marinho que simboliza a liga\u00e7\u00e3o entre Portugal e o Jap\u00e3o atrav\u00e9s do oceano e cujo nome \u00e9 a palavra japonesa para \u201coceano\u201d, foi desenvolvido pelo Turismo de Portugal e representa a rela\u00e7\u00e3o hist\u00f3rica de quase 500 anos com o Jap\u00e3o, marcada pela coopera\u00e7\u00e3o e pelo interc\u00e2mbio cultural.<\/p>\n<p>Os finalistas destes pr\u00e9mios foram selecionados &#8220;atrav\u00e9s de um rigoroso processo de avalia\u00e7\u00e3o, conduzido por membros de um j\u00fari que analisaram as candidaturas em termos de conceito e design, criatividade e inova\u00e7\u00e3o, envolvimento e imers\u00e3o, execu\u00e7\u00e3o e constru\u00e7\u00e3o e impacto geral&#8221;.<\/p>\n<p>\t\t<img decoding=\"async\" src=\"https:\/\/www.europesays.com\/pt\/wp-content\/uploads\/2025\/09\/1758660193_761_\"  alt=\"Pr\u00e9mios Expo Osaka\" loading=\"true\"\/><\/p>\n<p>\u201cEstamos muitos felizes com estes pr\u00e9mios, que refor\u00e7am o sucesso da nossa miss\u00e3o e a import\u00e2ncia de insistir na prote\u00e7\u00e3o e valoriza\u00e7\u00e3o dos oceanos\u201d, reagiu Joana Gomes Cardoso, a comiss\u00e1ria-geral do Pavilh\u00e3o de Portugal, com a atual presidente da AICEP, Madalena Oliveira e Silva a juntar que este reconhecimento n\u00e3o s\u00f3 &#8220;demonstra que o investimento em inova\u00e7\u00e3o e sustentabilidade gera resultados concretos para a imagem e a economia do pa\u00eds&#8221; como se traduz num incentivo para continuarmos a criar oportunidades para as empresas portuguesas al\u00e9m-fronteiras&#8221;.<\/p>\n<p>Quase 30 anos depois de os oceanos darem o mote \u00e0 Expo 98, o \u201cOceano, Di\u00e1logo Azul\u201d apresenta Portugal em Osaka como &#8220;um pa\u00eds intimamente ligado ao mar, evocando quase 500 anos de rela\u00e7\u00f5es com o Jap\u00e3o&#8221;, com esta participa\u00e7\u00e3o portuguesa a dar resposta, &#8220;atrav\u00e9s da inova\u00e7\u00e3o e de uma vis\u00e3o de futuro, aos desafios globais da sustentabilidade&#8221;, em linha com o mote da Expo 2025: &#8220;Projetar a sociedade do futuro para as nossas vidas&#8221;.<\/p>\n<p>\t\t<img decoding=\"async\" src=\"https:\/\/www.europesays.com\/pt\/wp-content\/uploads\/2025\/09\/1758660194_428_\"  alt=\"Estrat\u00e9gia e sustentabilidade num palco global: mais de 1,2 milh\u00f5es de pessoas j\u00e1 visitaram o pavilh\u00e3o de Portugal na Expo Osaka 2025\" loading=\"true\"\/><\/p>\n<p>Para o governo portugu\u00eas, a escolha foi certeira. \u201cPortugal fez uma aposta certeira ao eleger o Oceano como tema central da participa\u00e7\u00e3o na Expo 2025 Osaka&#8221;, sublinha Manuel Castro Almeida. &#8220;O Pavilh\u00e3o portugu\u00eas foi projetado para destacar a import\u00e2ncia dos oceanos para a economia azul, turismo e cultura e estes pr\u00e9mios s\u00e3o um reconhecimento de que temos uma resposta clara perante os desafios globais de sustentabilidade, atrav\u00e9s da inova\u00e7\u00e3o e de uma vis\u00e3o de futuro\u201d, afirma o ministro da Economia e da Coes\u00e3o Territorial.<\/p>\n<p>Os pr\u00e9mios n\u00e3o s\u00e3o apenas orgulho pela escolha acertada e bem concreizada, mas uma aposta no futuro e na notoriedade do pa\u00eds al\u00e9m-fronteiras. Conforme nota a presidente da AICEP, que est\u00e1 vocacionada para refor\u00e7ar a notoriedade de Portugal, captar investimento estrat\u00e9gico e abrir novos mercados \u00e0s exporta\u00e7\u00f5es, &#8220;estes pr\u00e9mios mostram que estamos a projetar com sucesso a nossa identidade e os nossos setores de excel\u00eancia para o mundo&#8221;.<\/p>\n<p>Conhecida como as Olimp\u00edadas do Design Experiencial, esta competi\u00e7\u00e3o em que o Pavilh\u00e3o de Portugal sai m\u00faltiplo vencedor premeia os melhores exemplos de criatividade, inova\u00e7\u00e3o e design experiencial na Expo 2025 Osaka.\u00a0<\/p>\n<p>Com a Funda\u00e7\u00e3o Oceano Azul e o Ocean\u00e1rio de Lisboa como parceiros estrat\u00e9gicos, o Pavilh\u00e3o de Portugal na Expo 2025 destacou-se pelo conte\u00fado exposto e o v\u00eddeo imersivo, bem como pela programa\u00e7\u00e3o que assinalou o Dia Nacional do Mar no Jap\u00e3o, sublinhando o papel estrat\u00e9gico de ambas as organiza\u00e7\u00f5es na conserva\u00e7\u00e3o do oceano. &#8220;O Pavilh\u00e3o conta com o envolvimento de mais de 460 entidades, tendo realizado mais de 360 eventos e recebido v\u00e1rias personalidades, inclundo o secret\u00e1rio-geral da ONU, Ant\u00f3nio Guterres, o presidente do Conselho Europeu, Ant\u00f3nio Costa, e o primeiro-ministro, Lu\u00eds Montenegro&#8221;, al\u00e9m de dezenas de empresas, autarquias, associa\u00e7\u00f5es, universidades, funda\u00e7\u00f5es e entidades culturais, lembra a AICEP.<\/p>\n","protected":false},"excerpt":{"rendered":"Cordas suspensas e redes recicladas, &#8220;criando um efeito perene e exposto aos elementos naturais, como o sol e&hellip;\n","protected":false},"author":2,"featured_media":83801,"comment_status":"","ping_status":"","sticky":false,"template":"","format":"standard","meta":{"footnotes":""},"categories":[144],"tags":[207,205,206,203,201,202,204,114,115,32,33],"class_list":{"0":"post-83800","1":"post","2":"type-post","3":"status-publish","4":"format-standard","5":"has-post-thumbnail","7":"category-arte-e-design","8":"tag-arte","9":"tag-arte-e-design","10":"tag-artedesign","11":"tag-arts","12":"tag-arts-and-design","13":"tag-artsanddesign","14":"tag-design","15":"tag-entertainment","16":"tag-entretenimento","17":"tag-portugal","18":"tag-pt"},"share_on_mastodon":{"url":"","error":""},"_links":{"self":[{"href":"https:\/\/www.europesays.com\/pt\/wp-json\/wp\/v2\/posts\/83800","targetHints":{"allow":["GET"]}}],"collection":[{"href":"https:\/\/www.europesays.com\/pt\/wp-json\/wp\/v2\/posts"}],"about":[{"href":"https:\/\/www.europesays.com\/pt\/wp-json\/wp\/v2\/types\/post"}],"author":[{"embeddable":true,"href":"https:\/\/www.europesays.com\/pt\/wp-json\/wp\/v2\/users\/2"}],"replies":[{"embeddable":true,"href":"https:\/\/www.europesays.com\/pt\/wp-json\/wp\/v2\/comments?post=83800"}],"version-history":[{"count":0,"href":"https:\/\/www.europesays.com\/pt\/wp-json\/wp\/v2\/posts\/83800\/revisions"}],"wp:featuredmedia":[{"embeddable":true,"href":"https:\/\/www.europesays.com\/pt\/wp-json\/wp\/v2\/media\/83801"}],"wp:attachment":[{"href":"https:\/\/www.europesays.com\/pt\/wp-json\/wp\/v2\/media?parent=83800"}],"wp:term":[{"taxonomy":"category","embeddable":true,"href":"https:\/\/www.europesays.com\/pt\/wp-json\/wp\/v2\/categories?post=83800"},{"taxonomy":"post_tag","embeddable":true,"href":"https:\/\/www.europesays.com\/pt\/wp-json\/wp\/v2\/tags?post=83800"}],"curies":[{"name":"wp","href":"https:\/\/api.w.org\/{rel}","templated":true}]}}