{"id":83816,"date":"2025-09-23T20:56:14","date_gmt":"2025-09-23T20:56:14","guid":{"rendered":"https:\/\/www.europesays.com\/pt\/83816\/"},"modified":"2025-09-23T20:56:14","modified_gmt":"2025-09-23T20:56:14","slug":"atriz-de-verdades-secretas-2-espera-primeiro-filho-aos-51-anos-primeira-tentativa","status":"publish","type":"post","link":"https:\/\/www.europesays.com\/pt\/83816\/","title":{"rendered":"Atriz de &#8216;Verdades secretas 2&#8217; espera primeiro filho aos 51 anos: &#8216;Primeira tentativa&#8217;"},"content":{"rendered":"<p>\n                        Clara Choveaux recorreu \u00e0 fertiliza\u00e7\u00e3o com doa\u00e7\u00e3o de \u00f3vulo; beb\u00ea deve nascer em novembro\n                    <\/p>\n<ul class=\"article__header__author\">\n<li class=\"article__header__author__item\">\n                                                                                    <img loading=\"lazy\" decoding=\"async\" src=\"https:\/\/www.europesays.com\/pt\/wp-content\/uploads\/2025\/09\/1758083771_444_microsoftteams-image-(23)-1jy7orqt0u4hi.png\" width=\"32\" height=\"32\" title=\"Reda\u00e7\u00e3o Terra\" alt=\"Reda\u00e7\u00e3o Terra\" class=\"author-picture\"\/><br \/>\n                                                                            Por:<br \/>\n                                                                                    Reda\u00e7\u00e3o Terra\n                                                                        <\/li>\n<\/ul>\n<p>\n                                                                                                                                                                                                                            23 set<br \/>\n                                    2025<br \/>\n                                     &#8211; 15h01\n                                <\/p>\n<p>\n                                                                                                            (atualizado \u00e0s 15h42)\n                                                                    <\/p>\n<p>\n                        <b style=\"margin-bottom: 8px; display: inline-block;\">Resumo<\/b><br \/>Aos 51 anos, Clara Choveaux espera seu primeiro filho, Zaven, fruto de fertiliza\u00e7\u00e3o com doa\u00e7\u00e3o de \u00f3vulo, enquanto segue atuando em tr\u00eas produ\u00e7\u00f5es cinematogr\u00e1ficas.\n                    <\/p>\n<p><img loading=\"lazy\" decoding=\"async\" alt=\"Clara Choveaux e o marido Gregorio Gananian \" class=\"img-719b2f34c81de68d1954dbe680b407c2mh6duimf\" height=\"431\" src=\"https:\/\/www.europesays.com\/pt\/wp-content\/uploads\/2025\/09\/saveclip-app_550928545_18485863219077258_6368105732905838178_n-t4q62bwmm0yq.jpg\"  title=\"Clara Choveaux e o marido Gregorio Gananian\" width=\"774\"\/><\/p>\n<p>Clara Choveaux e o marido Gregorio Gananian<\/p>\n<p>Foto: Reprodu\u00e7\u00e3o\/Instagram @clarachoveaux<\/p>\n<p class=\"text\">Clara Choveaux, atriz franco-brasileira nascida no Paraguai, se prepara para a experi\u00eancia da maternidade, in\u00e9dita at\u00e9 ent\u00e3o. Aos 51 anos, a T\u00e2nia de Verdades secretas 2 e o marido, o diretor Gregorio Gananian, aguardam a chegada do primeiro filho, Zaven, previsto para nascer em novembro.\u00a0<\/p>\n<blockquote>\n<\/blockquote>\n<p class=\"text\">O sonho da maternidade vinha de longa data, antes mesmo do casamento dela. Clara conta que permaneceu cinco anos na fila de ado\u00e7\u00e3o, mas acabou optando por outro caminho. A atriz recorreu \u00e0 fertiliza\u00e7\u00e3o com doa\u00e7\u00e3o de \u00f3vulo e engravidou j\u00e1 na primeira tentativa.<\/p>\n<p class=\"text\">&#8220;Eu queria ser m\u00e3e. Antes mesmo de estar casada com o Gregorio, pensei em adotar. Fiquei na fila de espera por cinco anos. Foi quando conheci o Gregorio e disse que queria ter filhos pela ado\u00e7\u00e3o. Mas j\u00e1 tinham se passado cinco anos e eu teria que renovar o lugar na fila de espera. Foi quando entendi que meu momento era outro. Resolvemos optar por outro caminho. Fizemos o procedimento de fertiliza\u00e7\u00e3o com doa\u00e7\u00e3o de \u00f3vulo e engravidei na primeira tentativa&#8221;, revela ao jornal O Globo.<\/p>\n<blockquote class=\"instagram-media\" data-instgrm-captioned=\"\" data-instgrm-permalink=\"https:\/\/www.instagram.com\/p\/DNxq6_f2tc6\/?utm_source=ig_embed&amp;utm_campaign=loading\" data-instgrm-version=\"14\" style=\" background:#FFF; border:0; border-radius:3px; box-shadow:0 0 1px 0 rgba(0,0,0,0.5),0 1px 10px 0 rgba(0,0,0,0.15); margin: 1px; max-width:540px; min-width:326px; padding:0; width:99.375%; width:-webkit-calc(100% - 2px); width:calc(100% - 2px);\">\n<\/blockquote>\n<p class=\"text\">A nova fase impactou diretamente sua movimentada carreira, j\u00e1 que 2025 marca um momento com tr\u00eas produ\u00e7\u00f5es em diferentes est\u00e1gios: Futuro Futuro, de Davi Pretto, premiado como Melhor Filme no 58\u00ba Festival de Bras\u00edlia; O InspetorGeral, dirigido por Gananian e em fase de mixagem; e Oce\u00e2nico, novo longa de Guilherme Coelho, atualmente em finaliza\u00e7\u00e3o.<\/p>\n<p class=\"text\">Em Futuro Futuro, obra que mistura drama e fic\u00e7\u00e3o cient\u00edfica, a trama retrata um futuro em que avan\u00e7os da intelig\u00eancia artificial coexistem com uma s\u00edndrome neurol\u00f3gica. J\u00e1 O inspetor geral, adapta\u00e7\u00e3o da pe\u00e7a de Nikolai Gogol, re\u00fane nomes como Cl\u00e1udia Ohana e Ivon Patroc\u00ednio ao lado de Clara. Por fim, Oce\u00e2nico marca o retorno de Coelho \u00e0 fic\u00e7\u00e3o ap\u00f3s o premiado \u00d3rf\u00e3os do Eldorado (2015).<\/p>\n<p class=\"text\">Com os filmes citados, Clara possui atualmente mais de 50 trabalhos no curr\u00edculo, entre cinema e teatro.<\/p>\n<p>                            <script async src=\"\/\/www.instagram.com\/embed.js\"><\/script><\/p>\n","protected":false},"excerpt":{"rendered":"Clara Choveaux recorreu \u00e0 fertiliza\u00e7\u00e3o com doa\u00e7\u00e3o de \u00f3vulo; beb\u00ea deve nascer em novembro Por: Reda\u00e7\u00e3o Terra 23&hellip;\n","protected":false},"author":2,"featured_media":83817,"comment_status":"","ping_status":"","sticky":false,"template":"","format":"standard","meta":{"footnotes":""},"categories":[145],"tags":[211,210,114,115,32,33],"class_list":{"0":"post-83816","1":"post","2":"type-post","3":"status-publish","4":"format-standard","5":"has-post-thumbnail","7":"category-celebridades","8":"tag-celebridades","9":"tag-celebrities","10":"tag-entertainment","11":"tag-entretenimento","12":"tag-portugal","13":"tag-pt"},"share_on_mastodon":{"url":"","error":""},"_links":{"self":[{"href":"https:\/\/www.europesays.com\/pt\/wp-json\/wp\/v2\/posts\/83816","targetHints":{"allow":["GET"]}}],"collection":[{"href":"https:\/\/www.europesays.com\/pt\/wp-json\/wp\/v2\/posts"}],"about":[{"href":"https:\/\/www.europesays.com\/pt\/wp-json\/wp\/v2\/types\/post"}],"author":[{"embeddable":true,"href":"https:\/\/www.europesays.com\/pt\/wp-json\/wp\/v2\/users\/2"}],"replies":[{"embeddable":true,"href":"https:\/\/www.europesays.com\/pt\/wp-json\/wp\/v2\/comments?post=83816"}],"version-history":[{"count":0,"href":"https:\/\/www.europesays.com\/pt\/wp-json\/wp\/v2\/posts\/83816\/revisions"}],"wp:featuredmedia":[{"embeddable":true,"href":"https:\/\/www.europesays.com\/pt\/wp-json\/wp\/v2\/media\/83817"}],"wp:attachment":[{"href":"https:\/\/www.europesays.com\/pt\/wp-json\/wp\/v2\/media?parent=83816"}],"wp:term":[{"taxonomy":"category","embeddable":true,"href":"https:\/\/www.europesays.com\/pt\/wp-json\/wp\/v2\/categories?post=83816"},{"taxonomy":"post_tag","embeddable":true,"href":"https:\/\/www.europesays.com\/pt\/wp-json\/wp\/v2\/tags?post=83816"}],"curies":[{"name":"wp","href":"https:\/\/api.w.org\/{rel}","templated":true}]}}