{"id":83818,"date":"2025-09-23T20:57:08","date_gmt":"2025-09-23T20:57:08","guid":{"rendered":"https:\/\/www.europesays.com\/pt\/83818\/"},"modified":"2025-09-23T20:57:08","modified_gmt":"2025-09-23T20:57:08","slug":"o-arquiteto-e-a-historia-de-mulheres-que-lutam-juntas-e-nao-a-historia-de-um-homem","status":"publish","type":"post","link":"https:\/\/www.europesays.com\/pt\/83818\/","title":{"rendered":"O Arquiteto \u00e9 a hist\u00f3ria de mulheres que lutam juntas e n\u00e3o a hist\u00f3ria de um homem"},"content":{"rendered":"<p>As filmagens de rela\u00e7\u00f5es sexuais sem consentimento das mulheres \u00e9 o tema central da nova s\u00e9rie da TVI, O Arquiteto, que evoca o esc\u00e2ndalo que abalou a sociedade portuguesa no in\u00edcio dos anos 90 do s\u00e9culo passado. Na altura, recorde-se, o reputado arquiteto Tom\u00e1s Taveira tornava-se not\u00edcia nacional e internacional por ter gravado em v\u00eddeo rela\u00e7\u00f5es sexuais com mulheres sem que elas tivessem dado qualquer autoriza\u00e7\u00e3o.<\/p>\n<p data-remotead-prev-elm=\"true\" data-remotead-elm-id=\"inread\">A autora da trama, Patr\u00edcia Muller, que vai ser exibida diariamente at\u00e9 s\u00e1bado reitera que &#8220;O Arquiteto \u00e9 a hist\u00f3ria de mulheres que lutam juntas e n\u00e3o a hist\u00f3ria de um homem&#8221;, &#8220;de mulheres que se mobilizam para impedir algo de muito grave que estava a acontecer na vida delas&#8221;.<\/p>\n<p>&#8220;Por mais fatores p\u00fablicos que existam e que sejam levemente inspiradores, eu inventei muita coisa. Sou ficcionista, n\u00e3o estou a fazer a hist\u00f3ria de ningu\u00e9m, na minha fic\u00e7\u00e3o falo de mulheres que foram ultrapassadas, que sofreram abuso de confian\u00e7a e que ficaram com a vida destru\u00edda&#8221;, reitera.<\/p>\n<p data-remotead-prev-elm=\"true\" data-remotead-elm-id=\"centro1\">A pol\u00e9mica em torno desta produ\u00e7\u00e3o da TVI n\u00e3o \u00e9 de agora, com vozes cr\u00edticas a condenarem a eventual &#8220;glorifica\u00e7\u00e3o&#8221; de uma hist\u00f3ria dif\u00edcil da sociedade portuguesa para as mulheres. Hoje, ap\u00f3s estreia da s\u00e9rie e que somou 5,9% de audi\u00eancia m\u00e9dia e 14,9% de quota de mercado, Patr\u00edcia Muller cr\u00ea que quem viu j\u00e1 percebeu que &#8220;o que est\u00e1 a ser feito \u00e9 refletir, \u00e9 pensar sobre o tema do consentimento&#8221; num caminho de &#8220;#metoo \u00e0 portuguesa, com alguns casos&#8221;.<\/p>\n<p>O protagonista da s\u00e9rie, Rui Melo, n\u00e3o presta quaisquer declara\u00e7\u00f5es sobre este trabalho &#8211; em que d\u00e1 vida a um arquiteto dos anos 90 que filma as rela\u00e7\u00f5es sexuais sem o consentimento das mulheres envolvidas &#8211; ou sobre as rea\u00e7\u00f5es que recebeu assim que a s\u00e9rie foi anunciada, mesmo depois de o humorista e apresentador Nuno Markl ter denunciado uma &#8220;f\u00faria instagr\u00e2mica&#8221; sobre o ator, a equipa da s\u00e9rie e a TVI&#8221;.<\/p>\n<p data-remotead-prev-elm=\"true\" data-remotead-elm-id=\"centro2\">O radialista lamentou que &#8220;as pessoas que n\u00e3o tinham visto a s\u00e9rie tenham metido na cabe\u00e7a que ela iria fazer do protagonista um her\u00f3i&#8221;. Rui Melo remete para a \u00fanica declara\u00e7\u00e3o p\u00fablica que fez sobre o caso e que publicou no Instagram, na segunda-feira, 22 de setembro. Nela vincou que defende &#8220;a discuss\u00e3o por oposi\u00e7\u00e3o ao sil\u00eancio&#8221;. &#8220;Interessa-me o dedo na ferida. E a den\u00fancia. Sempre. \u00c9 uma obra de fic\u00e7\u00e3o, escrita pela Patr\u00edcia Muller, uma mulher. Sobre mulheres&#8221;, escreveu.<\/p>\n<p>A autora diz ter escolhido os anos 90 como momento hist\u00f3rico porque &#8220;quis, de alguma maneira, mostrar o contexto da \u00e9poca e mostrar algumas personagens como se fossem nos dias de hoje&#8221;.<\/p>\n<p data-remotead-prev-elm=\"true\" data-remotead-elm-id=\"centro3\"><img decoding=\"async\" class=\"ngx-body\" guid=\"019a7777-fdd4-4302-a684-aacf6e1e19f5\" src=\"https:\/\/www.europesays.com\/pt\/wp-content\/uploads\/2025\/09\/1758661028_233_image.jpg\" width=\"100%\"\/>Rui Melo interpreta o arquiteto Tom\u00e9 Serpa (Foto: FIlipe Ferreira\/TVI)<\/p>\n<p>&#8220;Se a fizesse sobre hoje, n\u00e3o seria igual. Mudaria, se calhar haveria um processo, uma sala de tribunal&#8221;. &#8220;Isto \u00e9 uma fic\u00e7\u00e3o para nos p\u00f4r a pensar sobre os limites do consentimento, sobre o que \u00e9 sermos uma sociedade civilizada e que deve promover o bem-estar geral&#8221;, refere a guionista, que espera que, com esta trama, as &#8220;pessoas que j\u00e1 passaram por situa\u00e7\u00f5es que olhem para ela e pensem &#8216;eu n\u00e3o tive culpa&#8217;. Por isso \u00e9 que surge a APAV no final, para ajudar algu\u00e9m que se sinta em algum momento desmoralizada, maltratada, e injusti\u00e7ada, \u00e9 uma luta que tem de ser coletiva.&#8221;<\/p>\n<p>&#8220;Estas hist\u00f3rias magoam-me imenso&#8221;<\/p>\n<p data-remotead-prev-elm=\"true\" data-remotead-elm-id=\"centro4\">O n\u00e3o consentimento nas rela\u00e7\u00f5es sexuais \u00e9 para, Patr\u00edcia Muller, uma das mat\u00e9rias que a indigna, pelo que escolheu abordar o tema. &#8220;Gra\u00e7as a Deus, nunca me aconteceu, mas ver que acontecem magoam-me imenso, picam-me por dentro.&#8221; A autora recorda epis\u00f3dios pr\u00f3ximos que, de certa forma, contribu\u00edram para o que viria a desenvolver no \u00e2mbito da s\u00e9rie O Arquiteto. &#8220;Uma rapariga de 12 e 13 anos, da escola do meu filho, mandou umas nudes e o namorado dela fez circular as fotos por todo o lado. A mi\u00fada ficou com a cabe\u00e7a toda estragada, mas a ele n\u00e3o lhe aconteceu nada. Tamb\u00e9m na minha turma, na escola, uma colega teve um affair com uma pessoa, fizeram coisas, e ele contou aos amigos e a hist\u00f3ria circulou por Lisboa inteira&#8221;, desfiou.<\/p>\n<p>Nesse sentido, a guionista pede que se transforme o &#8220;consentimento numa luta coletiva e n\u00e3o individual, e quem n\u00e3o der valor a isto, ent\u00e3o n\u00e3o vai entender o objetivo principal da s\u00e9rie&#8221;. &#8220;Hoje em dia, deveria haver uma abertura, perceber o que mudou, o que \u00e9 consentimento e o que podemos fazer para melhorar. Isto \u00e9 uma fic\u00e7\u00e3o, pensem sobre ela&#8221;, acrescenta, lamentando que, &#8220;enquanto portugueses e como sociedade, ainda tenhamos dificuldade em reviver os nossos fantasmas coletivos, e n\u00e3o se fala nisso&#8221;.<\/p>\n<p data-remotead-prev-elm=\"true\" data-remotead-elm-id=\"centro5\">Sem segunda temporada de O Arquiteto prevista ou expect\u00e1vel, para j\u00e1, Muller anuncia que o tema de como as mulheres ainda hoje s\u00e3o tratadas pelos homens vai continuar a ser trabalhado por ela. &#8220;O pr\u00f3ximo romance \u00e9 sobre homens que t\u00eam comportamentos estranhos sobre mulheres, um problema que, hoje em dia e com as redes sociais, est\u00e1 a proliferar como cogumelos&#8221;, avan\u00e7a, num livro que tem data de chegada para 2026.<\/p>\n","protected":false},"excerpt":{"rendered":"As filmagens de rela\u00e7\u00f5es sexuais sem consentimento das mulheres \u00e9 o tema central da nova s\u00e9rie da TVI,&hellip;\n","protected":false},"author":2,"featured_media":83819,"comment_status":"","ping_status":"","sticky":false,"template":"","format":"standard","meta":{"footnotes":""},"categories":[144],"tags":[207,205,206,203,201,202,204,114,115,2623,32,33,13453,162],"class_list":{"0":"post-83818","1":"post","2":"type-post","3":"status-publish","4":"format-standard","5":"has-post-thumbnail","7":"category-arte-e-design","8":"tag-arte","9":"tag-arte-e-design","10":"tag-artedesign","11":"tag-arts","12":"tag-arts-and-design","13":"tag-artsanddesign","14":"tag-design","15":"tag-entertainment","16":"tag-entretenimento","17":"tag-mulheres","18":"tag-portugal","19":"tag-pt","20":"tag-tomas-taveira","21":"tag-tvi"},"share_on_mastodon":{"url":"","error":""},"_links":{"self":[{"href":"https:\/\/www.europesays.com\/pt\/wp-json\/wp\/v2\/posts\/83818","targetHints":{"allow":["GET"]}}],"collection":[{"href":"https:\/\/www.europesays.com\/pt\/wp-json\/wp\/v2\/posts"}],"about":[{"href":"https:\/\/www.europesays.com\/pt\/wp-json\/wp\/v2\/types\/post"}],"author":[{"embeddable":true,"href":"https:\/\/www.europesays.com\/pt\/wp-json\/wp\/v2\/users\/2"}],"replies":[{"embeddable":true,"href":"https:\/\/www.europesays.com\/pt\/wp-json\/wp\/v2\/comments?post=83818"}],"version-history":[{"count":0,"href":"https:\/\/www.europesays.com\/pt\/wp-json\/wp\/v2\/posts\/83818\/revisions"}],"wp:featuredmedia":[{"embeddable":true,"href":"https:\/\/www.europesays.com\/pt\/wp-json\/wp\/v2\/media\/83819"}],"wp:attachment":[{"href":"https:\/\/www.europesays.com\/pt\/wp-json\/wp\/v2\/media?parent=83818"}],"wp:term":[{"taxonomy":"category","embeddable":true,"href":"https:\/\/www.europesays.com\/pt\/wp-json\/wp\/v2\/categories?post=83818"},{"taxonomy":"post_tag","embeddable":true,"href":"https:\/\/www.europesays.com\/pt\/wp-json\/wp\/v2\/tags?post=83818"}],"curies":[{"name":"wp","href":"https:\/\/api.w.org\/{rel}","templated":true}]}}