{"id":83849,"date":"2025-09-23T21:25:08","date_gmt":"2025-09-23T21:25:08","guid":{"rendered":"https:\/\/www.europesays.com\/pt\/83849\/"},"modified":"2025-09-23T21:25:08","modified_gmt":"2025-09-23T21:25:08","slug":"e-muita-hipocrisia-diz-carol-castro-sobre-coroacao-de-virginia-na-grande-rio-uol","status":"publish","type":"post","link":"https:\/\/www.europesays.com\/pt\/83849\/","title":{"rendered":"&#039;\u00c9 muita hipocrisia&#039;, diz Carol Castro sobre coroa\u00e7\u00e3o de Virginia na Grande Rio &#8211; UOL"},"content":{"rendered":"<ol>\n<li><a href=\"https:\/\/news.google.com\/rss\/articles\/CBMiywFBVV95cUxQamwzSmNLU3RvOGtManAwSFdSSzVsUjJuZDIzOHJMR25yd2JfVmh2eVlvWTkzRlpXbGpjb0FBZm5GbU1NdGlwUXB6bzdDMk9mMGx0VGhQMUF3cHhFMEZITFBqbGZJUFZKOXVkME0xWHV0d1RxY05YLWJYQ19ybE9MY0p1VEhwM29iTUZQT2lYSmNBdlNPZ2hUZE9wdDdYdDdaUVpPcy1FaE1iTU1BVGtwNlBGX05rQ3dXcHBsWGtaQ3A3V0ZCa2VSY2VOMNIB0AFBVV95cUxQZEJTeWpYYVBsVDdjRFl1UUtLREk0Mm1EZk1wN2lKUk1IUWJLemxPNTljcTBNXzd1NUhqLV85eUZGVS1JcURTOUJNT1NPbEtrSXk3SlhHMjhwaGZROF9LYWwwSWctZ014N2ZUY21PQk9WczhxV3E1X0k2RnFra2s2eExVQmN1VU1hU3N5Z2VvRDVMUG9YNHlYdFhSckg2S3RSUmFOZnJGMC1DQ0Y1Y0JVck1rS1Q5YXgxVWRXTUFUbGt1S0xycUw3UElIdUxtd3ly?oc=5\" target=\"_blank\" rel=\"nofollow noopener\">&#8216;\u00c9 muita hipocrisia&#8217;, diz Carol Castro sobre coroa\u00e7\u00e3o de Virginia na Grande Rio<\/a>&nbsp;&nbsp;UOL<\/li>\n<li><a href=\"https:\/\/news.google.com\/rss\/articles\/CBMivgFBVV95cUxOM1ZJVDJuWFVhbDg0M01vMVVSS2xjSVRGSzhqYUZsSjZ2Z3JueWRVZlRSbXFGcHVWZHhSUUNoQ1ZNWkVOREp1Uk00dl9SRzRXclM1OVFCWEx3blBLbTlyVnlIa2gzcVZ4UDN6NW1hdWxpM0FMQ2RObTU1MU5iaWhOZENfNnJ0Zk9YWW9HT3FBaExJLXpodmNpbUUydXhLa0x2WDZDOGlUUHE1Mk1XMmdMMjNsOXlFWEpYNXJUbkVB?oc=5\" target=\"_blank\" rel=\"nofollow noopener\">Carol Castro sobre posto de Virginia na Grande Rio: &#8216;Hipocrisia louca&#8217;<\/a>&nbsp;&nbsp;UOL<\/li>\n<li><a href=\"https:\/\/news.google.com\/rss\/articles\/CBMi_AFBVV95cUxNT1lSc3RCLVU0U29lcWVNV2hiZktJaUJnekZjSEZUYkhyOWZmbW9rUEQzdml0Y3pveWlnOFZaWnJfQjN4WGxOWWcyTVFlcV9BOG4xVGhMN210VlJzNXpRNkIwVVJqUU9Oa2JnM1czVXI2SkI2U2Z2b253RHRqUUYyMnR4NWJPa05Sc1JIX3FLNnlQdUtfVG9yTDF0WURpUl9HVVpzZ1VTY1Fubl96ano1eHFJbUptN1dvbndST2hSOUVrY2s2dEoyT2pfNE8yMWpaRlFySGNubVg5S3ZkaVpiNmtQWVRmeFFhNXNCdUNmZWY4OUN4NHZXSzg0WGE?oc=5\" target=\"_blank\" rel=\"nofollow noopener\">Criticou? Virginia quebra sil\u00eancio e reage a coment\u00e1rio pol\u00eamico de Paolla Oliveira<\/a>&nbsp;&nbsp;Terra<\/li>\n<li><a href=\"https:\/\/news.google.com\/rss\/articles\/CBMitgFBVV95cUxPZTNkREJwdEozM0xMUUN6LWx4cWU3MmVZWHNfR2xXRVNXS2NkRi1JcnA0aUZKaWFad3JfQjFqVXo3WTFza0FVRVVPcEx3d2d0QV8xVXVMWVdRV28tY0o3RktNOFVoQVJ6N1h6WmpGMkdPc1lCRnh5YUNvMXIzeE0ySWNYRVlKRko2N1ZVUHVVU0pCWHhmTUllaVhmNldOSVE2UEo1ZHZrcFNtWlJ0Uk9vZXpWOFRzdw?oc=5\" target=\"_blank\" rel=\"nofollow noopener\">Detalhe na quadra da Grande Rio provoca debate na coroa\u00e7\u00e3o de Virginia<\/a>&nbsp;&nbsp;VEJA<\/li>\n<\/ol>\n","protected":false},"excerpt":{"rendered":"&#8216;\u00c9 muita hipocrisia&#8217;, diz Carol Castro sobre coroa\u00e7\u00e3o de Virginia na Grande Rio&nbsp;&nbsp;UOL Carol Castro sobre posto de&hellip;\n","protected":false},"author":2,"featured_media":83850,"comment_status":"","ping_status":"","sticky":false,"template":"","format":"standard","meta":{"footnotes":""},"categories":[145],"tags":[219,21383,2733,14413,211,210,223,21384,21386,114,115,21385,224,225,226,221,220,222,1015,32,33,218,1934,228,227,1446],"class_list":{"0":"post-83849","1":"post","2":"type-post","3":"status-publish","4":"format-standard","5":"has-post-thumbnail","7":"category-celebridades","8":"tag-bichos","9":"tag-blocos-de-carnaval","10":"tag-carnaval","11":"tag-carol-castro","12":"tag-celebridades","13":"tag-celebrities","14":"tag-colunistas","15":"tag-desfile-de-carnaval","16":"tag-desfile-de-carnaval-rj","17":"tag-entertainment","18":"tag-entretenimento","19":"tag-escolas-de-samba","20":"tag-estranho","21":"tag-eu-amo","22":"tag-fofices","23":"tag-horoscopo","24":"tag-humanos","25":"tag-humor","26":"tag-instagram","27":"tag-portugal","28":"tag-pt","29":"tag-televisao","30":"tag-tiktok","31":"tag-tudo","32":"tag-videos","33":"tag-virginia-fonseca"},"share_on_mastodon":{"url":"","error":""},"_links":{"self":[{"href":"https:\/\/www.europesays.com\/pt\/wp-json\/wp\/v2\/posts\/83849","targetHints":{"allow":["GET"]}}],"collection":[{"href":"https:\/\/www.europesays.com\/pt\/wp-json\/wp\/v2\/posts"}],"about":[{"href":"https:\/\/www.europesays.com\/pt\/wp-json\/wp\/v2\/types\/post"}],"author":[{"embeddable":true,"href":"https:\/\/www.europesays.com\/pt\/wp-json\/wp\/v2\/users\/2"}],"replies":[{"embeddable":true,"href":"https:\/\/www.europesays.com\/pt\/wp-json\/wp\/v2\/comments?post=83849"}],"version-history":[{"count":0,"href":"https:\/\/www.europesays.com\/pt\/wp-json\/wp\/v2\/posts\/83849\/revisions"}],"wp:featuredmedia":[{"embeddable":true,"href":"https:\/\/www.europesays.com\/pt\/wp-json\/wp\/v2\/media\/83850"}],"wp:attachment":[{"href":"https:\/\/www.europesays.com\/pt\/wp-json\/wp\/v2\/media?parent=83849"}],"wp:term":[{"taxonomy":"category","embeddable":true,"href":"https:\/\/www.europesays.com\/pt\/wp-json\/wp\/v2\/categories?post=83849"},{"taxonomy":"post_tag","embeddable":true,"href":"https:\/\/www.europesays.com\/pt\/wp-json\/wp\/v2\/tags?post=83849"}],"curies":[{"name":"wp","href":"https:\/\/api.w.org\/{rel}","templated":true}]}}