{"id":83855,"date":"2025-09-23T21:30:10","date_gmt":"2025-09-23T21:30:10","guid":{"rendered":"https:\/\/www.europesays.com\/pt\/83855\/"},"modified":"2025-09-23T21:30:10","modified_gmt":"2025-09-23T21:30:10","slug":"quarteto-fantastico-veja-cena-pos-creditos-com-uniforme-classico","status":"publish","type":"post","link":"https:\/\/www.europesays.com\/pt\/83855\/","title":{"rendered":"Quarteto Fant\u00e1stico | Veja cena p\u00f3s-cr\u00e9ditos com uniforme cl\u00e1ssico"},"content":{"rendered":"<p>Rec\u00e9m-lan\u00e7ado para aluguel online nos Estados Unidos, o filme\u00a0<strong>Quarteto Fant\u00e1stico: Primeiros Passos<\/strong>\u00a0conta com uma surpresa agrad\u00e1vel e nost\u00e1lgico aos f\u00e3s da franquia.<\/p>\n<p>A segunda cena p\u00f3s-cr\u00e9ditos da obra exibe uma vinheta do cl\u00e1ssica s\u00e9rie animada dos her\u00f3is, mostrando-os com seus uniformes cl\u00e1ssicos. Assista a seguir.<\/p>\n<p>      <strong>Tudo sobre\u00a0Quarteto Fant\u00e1stico: Primeiros Passos<\/strong><\/p>\n<p>No novo Quarteto Fant\u00e1stico,\u00a0Pedro\u00a0Pascal\u00a0(The Last of Us)\u00a0interpreta o l\u00edder do grupo, Reed Richards (Sr. Fant\u00e1stico), enquanto\u00a0Vanessa\u00a0Kirby\u00a0(Miss\u00e3o: Imposs\u00edvel &#8211; Acerto de Contas)\u00a0faz sua esposa, Sue Storm (Mulher-Invis\u00edvel).<\/p>\n<p>Completando a fam\u00edlia temos\u00a0Joseph\u00a0Quinn\u00a0(Stranger Things) como Johnny Storm (Tocha-Humana)\u00a0e\u00a0Ebon Moss-Bachrach\u00a0(O Urso, Justiceiro) como Ben Grimm (O Coisa).<\/p>\n<p data-gtm-vis-first-on-screen67967661_30=\"11739\" data-gtm-vis-has-fired67967661_30=\"1\" data-gtm-vis-total-visible-time67967661_30=\"100\">Ralph\u00a0Ineson\u00a0(A Bruxa, A Lenda do Cavaleiro Verde)\u00a0faz o grande vil\u00e3o, Galactus e\u00a0Julia Garner\u00a0(Ozark) interpreta uma vers\u00e3o alternativa do Surfista Prateado, Shalla-Bal. \u00c9 esperado que Franklin Richards, filho de Reed e Sue, apare\u00e7a na hist\u00f3ria.<\/p>\n<p data-gtm-vis-first-on-screen67967661_30=\"11739\" data-gtm-vis-has-fired67967661_30=\"1\" data-gtm-vis-total-visible-time67967661_30=\"100\">Natasha\u00a0Lyonne\u00a0(Boneca Russa) e Paul\u00a0Walter\u00a0Hauser\u00a0(Divertida Mente 2)\u00a0completam o elenco.\u00a0Matt Shakman, que dirigiu\u00a0WandaVision, comanda o filme, substituindo\u00a0Jon Watts\u00a0(trilogia de Homem-Aranha de Tom Holland), que era o diretor original.<\/p>\n<p data-gtm-vis-first-on-screen67967661_30=\"11739\" data-gtm-vis-has-fired67967661_30=\"1\" data-gtm-vis-total-visible-time67967661_30=\"100\">Terceira vers\u00e3o do Quarteto Fant\u00e1stico, o primeiro grande grupo de her\u00f3is dos quadrinhos da\u00a0Marvel, nos cinemas, este \u00e9 um dos projetos mais importantes dentro do\u00a0Marvel Studios.<\/p>\n<p data-gtm-vis-first-on-screen67967661_30=\"11739\" data-gtm-vis-has-fired67967661_30=\"1\" data-gtm-vis-total-visible-time67967661_30=\"100\">Quarteto Fant\u00e1stico: Primeiros Passos\u00a0estreou nos cinemas brasileiros em\u00a024 de julho de 2025. Ele come\u00e7a a Fase 6 do\u00a0MCU, que terminar\u00e1 com\u00a0Vingadores: Doomsday\u00a0e\u00a0Vingadores: Guerras Secretas\u00a0em 2026 e 2027, respectivamente.<\/p>\n<p data-gtm-vis-first-on-screen67967661_30=\"11739\" data-gtm-vis-has-fired67967661_30=\"1\" data-gtm-vis-total-visible-time67967661_30=\"100\">Os filmes trazem Robert Downey Jr., que interpretou o lend\u00e1rio Homem de Ferro na Marvel, como o vil\u00e3o Doutor Destino, principal algoz do Quarteto.\u00a0<\/p>\n<p data-gtm-vis-first-on-screen67967661_30=\"11739\" data-gtm-vis-has-fired67967661_30=\"1\" data-gtm-vis-total-visible-time67967661_30=\"100\">A obra chegou \u00e0s lojas digitais dos Estados Unidos neste dia 23 de setembro. Uma data pr\u00f3xima deve ser confirmada para o Brasil em breve. No\u00a0Disney+, o filme segue sem previs\u00e3o, mas \u00e9 prov\u00e1vel que chegue ainda em 2025.<\/p>\n","protected":false},"excerpt":{"rendered":"Rec\u00e9m-lan\u00e7ado para aluguel online nos Estados Unidos, o filme\u00a0Quarteto Fant\u00e1stico: Primeiros Passos\u00a0conta com uma surpresa agrad\u00e1vel e nost\u00e1lgico&hellip;\n","protected":false},"author":2,"featured_media":83856,"comment_status":"","ping_status":"","sticky":false,"template":"","format":"standard","meta":{"footnotes":""},"categories":[140],"tags":[114,115,147,148,146,32,33],"class_list":{"0":"post-83855","1":"post","2":"type-post","3":"status-publish","4":"format-standard","5":"has-post-thumbnail","7":"category-filmes","8":"tag-entertainment","9":"tag-entretenimento","10":"tag-film","11":"tag-filmes","12":"tag-movies","13":"tag-portugal","14":"tag-pt"},"share_on_mastodon":{"url":"","error":""},"_links":{"self":[{"href":"https:\/\/www.europesays.com\/pt\/wp-json\/wp\/v2\/posts\/83855","targetHints":{"allow":["GET"]}}],"collection":[{"href":"https:\/\/www.europesays.com\/pt\/wp-json\/wp\/v2\/posts"}],"about":[{"href":"https:\/\/www.europesays.com\/pt\/wp-json\/wp\/v2\/types\/post"}],"author":[{"embeddable":true,"href":"https:\/\/www.europesays.com\/pt\/wp-json\/wp\/v2\/users\/2"}],"replies":[{"embeddable":true,"href":"https:\/\/www.europesays.com\/pt\/wp-json\/wp\/v2\/comments?post=83855"}],"version-history":[{"count":0,"href":"https:\/\/www.europesays.com\/pt\/wp-json\/wp\/v2\/posts\/83855\/revisions"}],"wp:featuredmedia":[{"embeddable":true,"href":"https:\/\/www.europesays.com\/pt\/wp-json\/wp\/v2\/media\/83856"}],"wp:attachment":[{"href":"https:\/\/www.europesays.com\/pt\/wp-json\/wp\/v2\/media?parent=83855"}],"wp:term":[{"taxonomy":"category","embeddable":true,"href":"https:\/\/www.europesays.com\/pt\/wp-json\/wp\/v2\/categories?post=83855"},{"taxonomy":"post_tag","embeddable":true,"href":"https:\/\/www.europesays.com\/pt\/wp-json\/wp\/v2\/tags?post=83855"}],"curies":[{"name":"wp","href":"https:\/\/api.w.org\/{rel}","templated":true}]}}