{"id":83916,"date":"2025-09-23T22:11:17","date_gmt":"2025-09-23T22:11:17","guid":{"rendered":"https:\/\/www.europesays.com\/pt\/83916\/"},"modified":"2025-09-23T22:11:17","modified_gmt":"2025-09-23T22:11:17","slug":"sondagem-chega-ps-e-psd-em-luta-renhida-por-sintra","status":"publish","type":"post","link":"https:\/\/www.europesays.com\/pt\/83916\/","title":{"rendered":"Sondagem | Chega, PS e PSD em luta renhida por Sintra"},"content":{"rendered":"<p>\t                Inqu\u00e9rito revela como a corrida \u00e0 segunda maior C\u00e2mara do pa\u00eds mant\u00e9m-se em aberto e pode mesmo vir a ser a primeira a ser disputada a tr\u00eas<\/p>\n<p><strong>Sintra (CNN Aut\u00e1rquicas 2025) &#8211;\u00a0<\/strong>Em Sintra, o segundo munic\u00edpio com mais popula\u00e7\u00e3o em Portugal, a coliga\u00e7\u00e3o PSD\/IL\/PAN liderada por Marco Almeida est\u00e1 \u00e0 frente nas inten\u00e7\u00f5es de voto. Mas a vantagem n\u00e3o \u00e9 grande e mant\u00e9m-se o empate t\u00e9cnico com a candidatura de Ana Mendes Godinho (PS\/Livre) e Rita Matias (Chega).\u00a0<\/p>\n<p>Com distribui\u00e7\u00e3o de indecisos, Marco Almeida lidera nas inten\u00e7\u00f5es de voto com 32,1%, num intervalo que pode ir dos 27,9% aos 36,3%. A coliga\u00e7\u00e3o PS\/Livre de Ana Mendes Godinho fixa-se nos 30,3% [26,2% \u2013 34,4%] e a candidatura de Rita Matias, pelo Chega, est\u00e1 nos 24,5% [20,7% \u2013 28,3%].\u00a0<\/p>\n<p>A candidatura da CDU, liderada por\u00a0Pedro Ventura, tem uma inten\u00e7\u00e3o de voto de\u00a05,5%, com distribui\u00e7\u00e3o de indecisos, que pode ir no m\u00e1ximo at\u00e9 aos 7,5%.\u00a0O Bloco de Esquerda, com T\u00e2nia Russo, obt\u00e9m 2,1% e varia entre 0,8% e 3,4%, enquanto a coliga\u00e7\u00e3o CDS\/PPM\/ADN, com Maur\u00edcio Rodrigues, n\u00e3o vai al\u00e9m dos 1,6%. J\u00e1 a Nova Direita, com Catarina Costa, fica pelos 0,3%.<\/p>\n<p>A an\u00e1lise aponta que Marco Almeida \u00e9 o candidato que apresenta maior vantagem entre a faixa et\u00e1ria dos 25-34 anos e as classes sociais A\/B. J\u00e1 Ana Mendes Godinho distancia-se entre os 45-54 anos e 65 e mais anos.<\/p>\n<p> <img loading=\"lazy\" decoding=\"async\" alt=\"\" height=\"500\" src=\"https:\/\/www.europesays.com\/pt\/wp-content\/uploads\/2025\/09\/68d26bbbd34e58bc67960e79.webp\" width=\"700\"\/> <\/p>\n<p>   Fonte: Pitag\u00f3rica <\/p>\n<p>Na mesma corrida, Rita Matias surge com vantagem entre os mais jovens (18-24 anos) e as classes sociais mais baixas (C2\/D). Enquanto Marco Almeida \u00e9 quem tem melhores resultados nas classes sociais mais altas (A\/B).<\/p>\n<p> <img loading=\"lazy\" decoding=\"async\" alt=\"\" height=\"491\" src=\"https:\/\/www.europesays.com\/pt\/wp-content\/uploads\/2025\/09\/68d26c7cd34ee0c2fed06a41.webp\" width=\"700\"\/> <\/p>\n<p>   Fonte: Pitag\u00f3rica <\/p>\n<p>Quanto \u00e0s transfer\u00eancias de voto relativamente \u00e0s aut\u00e1rquicas de 2021, a coliga\u00e7\u00e3o PSD\/IL\/PAN consegue manter 52,6% dos votos que j\u00e1 tinham ido para o PSD, al\u00e9m de atrair 72,7% dos antigos eleitores da Iniciativa Liberal e 20,0% do PAN. O PS\/LIVRE ret\u00e9m 51,0% do eleitorado socialista e conquista ainda 16% dos eleitores da CDU, 9,1% da Iniciativa Liberal e 7,1% dos do BE. Por sua vez, o Chega conserva 95,6% dos votos conquistados em 2021 e atrai ainda 12,4% dos antigos eleitores de PSD, 10,1% dos de PS e 40% do PAN.<\/p>\n<p>Por outro lado, Marco Almeida foi considerado o mais bem preparado (35,2%), o que apresentou as melhores propostas (18,2%) e em quem os eleitores mais acreditam que vai vencer as elei\u00e7\u00f5es (28,0%). Ana Mendes Godinho surge em segundo lugar nestes indicadores: \u00e9 vista como a segunda mais bem preparada (19,0%), a segunda que trouxe as melhores propostas (12,4%) e \u00e9 apontada por 20,4% como a candidata que pode ganhar. Rita Matias \u00e9, por sua vez, a candidata que se afasta mais do eleitorado, de acordo com as respostas de 38,0% dos inquiridos.<\/p>\n<p> Ficha T\u00e9cnica <\/p>\n<p>Sondagem realizada pela Pitag\u00f3rica para a TVI, CNN Portugal, TSF e JN, com o objetivo de avaliar a opini\u00e3o dos eleitores recenseados no concelho de Sintra sobre temas relacionados com o munic\u00edpio. O trabalho de campo decorreu entre os dias 13 e 18 de setembro de 2025. A amostra foi recolhida de forma aleat\u00f3ria junto de eleitores recenseados no concelho de Sintra e foi devidamente estratificada por g\u00e9nero, idade e freguesia. Foram realizadas 955 tentativas de contacto, para alcan\u00e7armos 500 entrevistas efetivas, pelo que a taxa de resposta foi de 52,36%. As 500 entrevistas telef\u00f3nicas recolhidas correspondem a uma margem de erro m\u00e1xima de +\/- 4,47% para um n\u00edvel de confian\u00e7a de 95,5%. A distribui\u00e7\u00e3o de indecisos \u00e9 feita de forma proporcional. A dire\u00e7\u00e3o t\u00e9cnica do estudo \u00e9 da responsabilidade de Rita Marques da Silva. A ficha t\u00e9cnica completa, bem como todos os resultados, foram depositados junto da ERC &#8211; Entidade Reguladora da Comunica\u00e7\u00e3o Social que os disponibilizar\u00e1 para consulta online<\/p>\n","protected":false},"excerpt":{"rendered":"Inqu\u00e9rito revela como a corrida \u00e0 segunda maior C\u00e2mara do pa\u00eds mant\u00e9m-se em aberto e pode mesmo vir&hellip;\n","protected":false},"author":2,"featured_media":83917,"comment_status":"","ping_status":"","sticky":false,"template":"","format":"standard","meta":{"footnotes":""},"categories":[10],"tags":[609,19869,836,611,2431,27,28,1736,607,608,333,832,604,135,610,476,15,16,301,830,14,603,25,26,570,21,22,831,833,19870,62,834,12,13,19,20,835,602,52,32,23,24,455,4579,33,19868,1913,4862,17,18,29,30,31],"class_list":{"0":"post-83916","1":"post","2":"type-post","3":"status-publish","4":"format-standard","5":"has-post-thumbnail","7":"category-portugal","8":"tag-alerta","9":"tag-ana-mendes-godinho","10":"tag-analise","11":"tag-ao-minuto","12":"tag-autarquicas-2025","13":"tag-breaking-news","14":"tag-breakingnews","15":"tag-chega","16":"tag-cnn","17":"tag-cnn-portugal","18":"tag-comentadores","19":"tag-costa","20":"tag-crime","21":"tag-desporto","22":"tag-direto","23":"tag-economia","24":"tag-featured-news","25":"tag-featurednews","26":"tag-governo","27":"tag-guerra","28":"tag-headlines","29":"tag-justica","30":"tag-latest-news","31":"tag-latestnews","32":"tag-live","33":"tag-main-news","34":"tag-mainnews","35":"tag-mais-vistas","36":"tag-marcelo","37":"tag-marco-almeida","38":"tag-mundo","39":"tag-negocios","40":"tag-news","41":"tag-noticias","42":"tag-noticias-principais","43":"tag-noticiasprincipais","44":"tag-opiniao","45":"tag-pais","46":"tag-politica","47":"tag-portugal","48":"tag-principais-noticias","49":"tag-principaisnoticias","50":"tag-ps","51":"tag-psd","52":"tag-pt","53":"tag-rita-matias","54":"tag-sintra","55":"tag-sondagem","56":"tag-top-stories","57":"tag-topstories","58":"tag-ultimas","59":"tag-ultimas-noticias","60":"tag-ultimasnoticias"},"share_on_mastodon":{"url":"","error":""},"_links":{"self":[{"href":"https:\/\/www.europesays.com\/pt\/wp-json\/wp\/v2\/posts\/83916","targetHints":{"allow":["GET"]}}],"collection":[{"href":"https:\/\/www.europesays.com\/pt\/wp-json\/wp\/v2\/posts"}],"about":[{"href":"https:\/\/www.europesays.com\/pt\/wp-json\/wp\/v2\/types\/post"}],"author":[{"embeddable":true,"href":"https:\/\/www.europesays.com\/pt\/wp-json\/wp\/v2\/users\/2"}],"replies":[{"embeddable":true,"href":"https:\/\/www.europesays.com\/pt\/wp-json\/wp\/v2\/comments?post=83916"}],"version-history":[{"count":0,"href":"https:\/\/www.europesays.com\/pt\/wp-json\/wp\/v2\/posts\/83916\/revisions"}],"wp:featuredmedia":[{"embeddable":true,"href":"https:\/\/www.europesays.com\/pt\/wp-json\/wp\/v2\/media\/83917"}],"wp:attachment":[{"href":"https:\/\/www.europesays.com\/pt\/wp-json\/wp\/v2\/media?parent=83916"}],"wp:term":[{"taxonomy":"category","embeddable":true,"href":"https:\/\/www.europesays.com\/pt\/wp-json\/wp\/v2\/categories?post=83916"},{"taxonomy":"post_tag","embeddable":true,"href":"https:\/\/www.europesays.com\/pt\/wp-json\/wp\/v2\/tags?post=83916"}],"curies":[{"name":"wp","href":"https:\/\/api.w.org\/{rel}","templated":true}]}}