{"id":83946,"date":"2025-09-23T22:40:16","date_gmt":"2025-09-23T22:40:16","guid":{"rendered":"https:\/\/www.europesays.com\/pt\/83946\/"},"modified":"2025-09-23T22:40:16","modified_gmt":"2025-09-23T22:40:16","slug":"sao-jose-supera-total-de-vacinados-contra-gripe-de-2024","status":"publish","type":"post","link":"https:\/\/www.europesays.com\/pt\/83946\/","title":{"rendered":"S\u00e3o Jos\u00e9 supera total de vacinados contra gripe de 2024"},"content":{"rendered":"<p>&#13;<br \/>\n                        <b>Lucas Brito<\/b><br \/>&#13;<br \/>\n                Sa\u00fade&#13;\n            <\/p>\n<p dir=\"ltr\">A Prefeitura de S\u00e3o Jos\u00e9 dos Campos j\u00e1 imunizou, em menos de seis meses de vacina\u00e7\u00e3o contra a gripe, mais pessoas do que em todo o ano passado.<\/p>\n<p dir=\"ltr\">Entre 1\u00ba de abril e 22 de setembro de 2025, foram aplicadas 208.085 doses, n\u00famero 25% maior que o total registrado em 2024 (166.262 entre janeiro e dezembro). Isso significa 41.823 vacinados a mais, em menor per\u00edodo de tempo.<\/p>\n<p dir=\"ltr\">O avan\u00e7o \u00e9 resultado de uma s\u00e9rie de a\u00e7\u00f5es da Secretaria de Sa\u00fade para ampliar a cobertura vacinal. A <a rel=\"noopener nofollow\" href=\"https:\/\/www.sjc.sp.gov.br\/noticias\/2025\/abril\/01\/campanha-de-vacinacao-contra-gripe-comeca-nesta-terca-em-sao-jose\/\" target=\"_blank\">campanha come\u00e7ou de forma antecipada<\/a> neste ano, com foco nos p\u00fablicos-alvo definidos pelo Minist\u00e9rio da Sa\u00fade. J\u00e1 no dia 22 de maio, a <a rel=\"noopener nofollow\" href=\"https:\/\/www.sjc.sp.gov.br\/noticias\/2025\/maio\/21\/vacinacao-contra-gripe-e-ampliada-para-todos-os-publicos-em-s-jose\/\" target=\"_blank\">aplica\u00e7\u00e3o foi estendida para toda a popula\u00e7\u00e3o<\/a> a partir de 6 meses de idade.<\/p>\n<p dir=\"ltr\">Para facilitar o acesso, a Prefeitura promoveu <a rel=\"noopener nofollow\" href=\"https:\/\/www.sjc.sp.gov.br\/noticias\/2025\/maio\/24\/prefeitura-aplica-11698-doses-de-vacinas-neste-sabado\/\" target=\"_blank\">duas edi\u00e7\u00f5es do Dia D de vacina\u00e7\u00e3o<\/a> no primeiro semestre, abrindo as UBSs (Unidades B\u00e1sicas de Sa\u00fade) Resolve aos s\u00e1bados para atender quem n\u00e3o consegue ir durante a semana. Al\u00e9m disso, foram montados postos extras em locais de grande circula\u00e7\u00e3o, como as <a rel=\"noopener nofollow\" href=\"https:\/\/www.sjc.sp.gov.br\/noticias\/2025\/maio\/06\/casas-do-idoso-montam-posto-para-vacinacao-contra-a-gripe\/\" target=\"_blank\">Casas do Idoso<\/a>, <a rel=\"noopener nofollow\" href=\"https:\/\/www.sjc.sp.gov.br\/noticias\/2025\/abril\/24\/tableau-entra-na-campanha-de-vacinacao-a-partir-de-segunda\/\" target=\"_blank\">Col\u00e9gio Tableau<\/a> no per\u00edodo noturno, <a rel=\"noopener nofollow\" href=\"https:\/\/www.sjc.sp.gov.br\/noticias\/2025\/junho\/06\/anhanguera-e-univap-reforcam-vacinacao-contra-a-gripe\/\" target=\"_blank\">Univap e Anhanguera<\/a>.<\/p>\n<p dir=\"ltr\">Outro diferencial foi o lan\u00e7amento da plataforma <a rel=\"noopener nofollow\" href=\"https:\/\/www.sjc.sp.gov.br\/noticias\/2025\/agosto\/25\/vacina-rapida-tem-nova-funcao-e-mostra-estoque-de-doses-nas-ubss\/\" target=\"_blank\">Vacina R\u00e1pida<\/a>, que permite ao joseense acompanhar o tempo de espera e o estoque dispon\u00edvel em cada UBS, escolhendo a unidade mais conveniente para se imunizar.<\/p>\n<p dir=\"ltr\"><img loading=\"lazy\" decoding=\"async\" src=\"https:\/\/www.europesays.com\/pt\/wp-content\/uploads\/2025\/09\/_ct_6919_claudio_vieira.jpg\" alt=\"\" width=\"500\" height=\"334\"\/><br \/>A\u00e7\u00f5es antecipadas, novos postos e tecnologia ampliaram acesso para as fam\u00edlias | Foto: Claudio Vieira\/PMSJC<\/p>\n<p dir=\"ltr\">Cobertura vacinal<\/p>\n<p dir=\"ltr\">De acordo com o <a rel=\"noopener nofollow\" href=\"https:\/\/infoms.saude.gov.br\/extensions\/SEIDIGI_DEMAS_INFLUENZA_2025_RESIDENCIA\/SEIDIGI_DEMAS_INFLUENZA_2025_RESIDENCIA.html\" target=\"_blank\">Minist\u00e9rio da Sa\u00fade<\/a>, a cobertura vacinal da gripe em S\u00e3o Jos\u00e9 dos Campos est\u00e1 em 53,53%, \u00edndice calculado apenas sobre tr\u00eas grupos priorit\u00e1rios: gestantes, crian\u00e7as e idosos. Embora o munic\u00edpio ainda esteja distante da meta de 90%, o resultado j\u00e1 representa um avan\u00e7o importante em rela\u00e7\u00e3o a anos anteriores.<\/p>\n<p dir=\"ltr\">A Prefeitura refor\u00e7a que a vacina\u00e7\u00e3o \u00e9 a principal forma de preven\u00e7\u00e3o contra o v\u00edrus da influenza, evitando complica\u00e7\u00f5es e o agravamento da doen\u00e7a.<\/p>\n<p dir=\"ltr\">Durante a semana, todas as 40 UBSs (Unidades B\u00e1sicas de Sa\u00fade) Resolve e as 5 Unidades Avan\u00e7adas est\u00e3o abertas para imuniza\u00e7\u00e3o, que se encerra uma hora antes do fechamento da unidade. Consulte os endere\u00e7os, telefones e hor\u00e1rios de funcionamento no <a rel=\"noopener nofollow\" href=\"https:\/\/www.sjc.sp.gov.br\/servicos\/saude\/unidades-basicas-de-saude\/\" target=\"_blank\">site da Prefeitura<\/a>.<\/p>\n<p dir=\"ltr\">As doses tamb\u00e9m est\u00e3o sendo aplicadas no Col\u00e9gio Tableau (Rua Claudino Pinto, 85-93, Centro), das 19h \u00e0s 21h30, junto com as vacinas contra sarampo, caxumba, rub\u00e9ola, dengue, febre amarela e HPV, <a rel=\"noopener nofollow\" href=\"https:\/\/www.sjc.sp.gov.br\/noticias\/2025\/agosto\/18\/tableau-realiza-vacinacao-contra-o-hpv-no-periodo-noturno\/\" target=\"_blank\">ampliada para adolescentes de 15 a 19 anos<\/a> que ainda n\u00e3o se protegeram.<\/p>\n<p dir=\"ltr\">A imuniza\u00e7\u00e3o \u00e9 oferecida ainda em eventos itinerantes, como o <a rel=\"noopener nofollow\" href=\"https:\/\/www.sjc.sp.gov.br\/noticias\/2025\/setembro\/13\/viva-melhor-reune-lazer-saude-e-bem-estar-no-alberto-simoes\/\" target=\"_blank\">Viva Melhor<\/a> e o <a rel=\"noopener nofollow\" href=\"https:\/\/www.sjc.sp.gov.br\/noticias\/2025\/setembro\/20\/prefeitura-com-voce-leva-novidade-para-a-regiao-central\/\" target=\"_blank\">Prefeitura Com Voc\u00ea<\/a>, que levam servi\u00e7os p\u00fablicos diretamente aos moradores em diferentes regi\u00f5es da cidade.<\/p>\n<p dir=\"ltr\"><img loading=\"lazy\" decoding=\"async\" src=\"https:\/\/www.europesays.com\/pt\/wp-content\/uploads\/2025\/09\/img_7091_claudio_vieira.jpg\" alt=\"\" width=\"500\" height=\"334\"\/><br \/>Evento &#8216;Prefeitura Com Voc\u00ea&#8217; disponibiliza vacina\u00e7\u00e3o contra COVID, gripe e HPV | Foto: Claudio Vieira\/PMSJC<\/p>\n<p>&#13;<br \/>\n                    <strong>MAIS NOT\u00cdCIAS<\/strong><br \/>&#13;<br \/>\n                    <a href=\"https:\/\/www.sjc.sp.gov.br\/noticias\/?tema=13\" rel=\"nofollow noopener\" target=\"_blank\">Sa\u00fade<\/a>&#13;\n                <\/p>\n","protected":false},"excerpt":{"rendered":"&#13; Lucas Brito&#13; Sa\u00fade&#13; A Prefeitura de S\u00e3o Jos\u00e9 dos Campos j\u00e1 imunizou, em menos de seis meses&hellip;\n","protected":false},"author":2,"featured_media":83947,"comment_status":"","ping_status":"","sticky":false,"template":"","format":"standard","meta":{"footnotes":""},"categories":[86],"tags":[1300,116,3048,32,3046,33,3049,117,3047],"class_list":{"0":"post-83946","1":"post","2":"type-post","3":"status-publish","4":"format-standard","5":"has-post-thumbnail","7":"category-saude","8":"tag-cidade","9":"tag-health","10":"tag-online","11":"tag-portugal","12":"tag-prefeitura","13":"tag-pt","14":"tag-so-jos-dos-campos","15":"tag-saude","16":"tag-servios"},"share_on_mastodon":{"url":"","error":""},"_links":{"self":[{"href":"https:\/\/www.europesays.com\/pt\/wp-json\/wp\/v2\/posts\/83946","targetHints":{"allow":["GET"]}}],"collection":[{"href":"https:\/\/www.europesays.com\/pt\/wp-json\/wp\/v2\/posts"}],"about":[{"href":"https:\/\/www.europesays.com\/pt\/wp-json\/wp\/v2\/types\/post"}],"author":[{"embeddable":true,"href":"https:\/\/www.europesays.com\/pt\/wp-json\/wp\/v2\/users\/2"}],"replies":[{"embeddable":true,"href":"https:\/\/www.europesays.com\/pt\/wp-json\/wp\/v2\/comments?post=83946"}],"version-history":[{"count":0,"href":"https:\/\/www.europesays.com\/pt\/wp-json\/wp\/v2\/posts\/83946\/revisions"}],"wp:featuredmedia":[{"embeddable":true,"href":"https:\/\/www.europesays.com\/pt\/wp-json\/wp\/v2\/media\/83947"}],"wp:attachment":[{"href":"https:\/\/www.europesays.com\/pt\/wp-json\/wp\/v2\/media?parent=83946"}],"wp:term":[{"taxonomy":"category","embeddable":true,"href":"https:\/\/www.europesays.com\/pt\/wp-json\/wp\/v2\/categories?post=83946"},{"taxonomy":"post_tag","embeddable":true,"href":"https:\/\/www.europesays.com\/pt\/wp-json\/wp\/v2\/tags?post=83946"}],"curies":[{"name":"wp","href":"https:\/\/api.w.org\/{rel}","templated":true}]}}