{"id":83981,"date":"2025-09-23T23:04:09","date_gmt":"2025-09-23T23:04:09","guid":{"rendered":"https:\/\/www.europesays.com\/pt\/83981\/"},"modified":"2025-09-23T23:04:09","modified_gmt":"2025-09-23T23:04:09","slug":"ciume-no-ar-vera-admite-que-ficaria-chateada-com-fabio-se-este-fosse-mesmo-namorado-de-liliana-secret-story","status":"publish","type":"post","link":"https:\/\/www.europesays.com\/pt\/83981\/","title":{"rendered":"Ci\u00fame no ar? Vera admite que ficaria chateada com F\u00e1bio, se este fosse mesmo namorado de Liliana &#8211; Secret Story"},"content":{"rendered":"<p>No <strong><a href=\"https:\/\/tvi.iol.pt\/secretstory\/\" rel=\"nofollow noopener\" target=\"_blank\">Secret Story 9<\/a><\/strong>,\u00a0Vera e F\u00e1bio conversam em privado. Vera admite que ficaria chateada com o colega, se o segredo deste fosse mesmo \u00absomos um casal\u00bb com Liliana. Ser\u00e1 que h\u00e1 ci\u00fame no ar?<\/p>\n<p>Recorde que F\u00e1bio esconde o segredo \u00abEnvolvi-me com uma concorrente da casa\u00bb, sendo Vera essa concorrente.<\/p>\n<p><strong>Esta semana, h\u00e1 cinco concorrentes em risco de abandonarem o Secret Story 9. Vote no seu concorrente preferido para salvar:<\/strong><\/p>\n<p><strong>CARINA \u2013 761 20 20 06<br \/>F\u00c1BIO \u2013 761 20 20 08<br \/>IN\u00caS \u2013 761 20 20 10<br \/>LEANDRO \u2013 761 20 20 12<br \/>LILIANA \u2013 761 20 20 14<\/strong><\/p>\n<p><a href=\"https:\/\/tvi.iol.pt\/secretstory\/aominuto\" rel=\"nofollow noopener\" target=\"_blank\">Acompanhe aqui tudo o que se passa na casa mais vigiada do pa\u00eds<\/a><\/p>\n","protected":false},"excerpt":{"rendered":"No Secret Story 9,\u00a0Vera e F\u00e1bio conversam em privado. Vera admite que ficaria chateada com o colega, se&hellip;\n","protected":false},"author":2,"featured_media":83982,"comment_status":"","ping_status":"","sticky":false,"template":"","format":"standard","meta":{"footnotes":""},"categories":[142],"tags":[114,115,19082,19033,19034,32,33,151,19032],"class_list":{"0":"post-83981","1":"post","2":"type-post","3":"status-publish","4":"format-standard","5":"has-post-thumbnail","7":"category-tv","8":"tag-entertainment","9":"tag-entretenimento","10":"tag-fabio","11":"tag-galas-em-video","12":"tag-melhores-momentos-casa-dos-segredos","13":"tag-portugal","14":"tag-pt","15":"tag-tv","16":"tag-videos-secret-story-tvi"},"share_on_mastodon":{"url":"","error":""},"_links":{"self":[{"href":"https:\/\/www.europesays.com\/pt\/wp-json\/wp\/v2\/posts\/83981","targetHints":{"allow":["GET"]}}],"collection":[{"href":"https:\/\/www.europesays.com\/pt\/wp-json\/wp\/v2\/posts"}],"about":[{"href":"https:\/\/www.europesays.com\/pt\/wp-json\/wp\/v2\/types\/post"}],"author":[{"embeddable":true,"href":"https:\/\/www.europesays.com\/pt\/wp-json\/wp\/v2\/users\/2"}],"replies":[{"embeddable":true,"href":"https:\/\/www.europesays.com\/pt\/wp-json\/wp\/v2\/comments?post=83981"}],"version-history":[{"count":0,"href":"https:\/\/www.europesays.com\/pt\/wp-json\/wp\/v2\/posts\/83981\/revisions"}],"wp:featuredmedia":[{"embeddable":true,"href":"https:\/\/www.europesays.com\/pt\/wp-json\/wp\/v2\/media\/83982"}],"wp:attachment":[{"href":"https:\/\/www.europesays.com\/pt\/wp-json\/wp\/v2\/media?parent=83981"}],"wp:term":[{"taxonomy":"category","embeddable":true,"href":"https:\/\/www.europesays.com\/pt\/wp-json\/wp\/v2\/categories?post=83981"},{"taxonomy":"post_tag","embeddable":true,"href":"https:\/\/www.europesays.com\/pt\/wp-json\/wp\/v2\/tags?post=83981"}],"curies":[{"name":"wp","href":"https:\/\/api.w.org\/{rel}","templated":true}]}}