{"id":84059,"date":"2025-09-24T00:15:06","date_gmt":"2025-09-24T00:15:06","guid":{"rendered":"https:\/\/www.europesays.com\/pt\/84059\/"},"modified":"2025-09-24T00:15:06","modified_gmt":"2025-09-24T00:15:06","slug":"a-fazenda-zuri-tem-o-video-de-eva-o-que-vai-fazer-novelas","status":"publish","type":"post","link":"https:\/\/www.europesays.com\/pt\/84059\/","title":{"rendered":"A Fazenda: Zuri tem o v\u00eddeo de Eva. O que vai fazer? &#8211; Novelas"},"content":{"rendered":"<p>Em \u00abA Fazenda\u00bb, Talu (Evandro Gomes) conta a Zuri (Madalena Arag\u00e3o) que foi por causa da pen, que Gaspar (Nuno Lopes) entregou tudo o que tinha a Lukenia (Rita Cruz) para salvar Eva (Margarida Corceiro). Talu assegura que somente quer que Eva (Margarida Corceiro) seja inocentada, n\u00e3o fazendo ten\u00e7\u00f5es de voltar para ela. Zuri olha para a pen, tendo sido ela quem a roubou.<\/p>\n","protected":false},"excerpt":{"rendered":"Em \u00abA Fazenda\u00bb, Talu (Evandro Gomes) conta a Zuri (Madalena Arag\u00e3o) que foi por causa da pen, que&hellip;\n","protected":false},"author":2,"featured_media":84060,"comment_status":"","ping_status":"","sticky":false,"template":"","format":"standard","meta":{"footnotes":""},"categories":[142],"tags":[657,160,166,114,115,157,167,164,2931,161,158,165,159,32,33,156,163,151,162],"class_list":{"0":"post-84059","1":"post","2":"type-post","3":"status-publish","4":"format-standard","5":"has-post-thumbnail","7":"category-tv","8":"tag-a-fazenda","9":"tag-ana-guiomar","10":"tag-cristina-ferreira","11":"tag-entertainment","12":"tag-entretenimento","13":"tag-festa-e-festa","14":"tag-ficcao","15":"tag-jose-fidalgo","16":"tag-novela","17":"tag-novelas","18":"tag-para-sempre","19":"tag-pedro-sousa","20":"tag-pedro-teixeira","21":"tag-portugal","22":"tag-pt","23":"tag-queridos-papas","24":"tag-tiago-teotonio-pereira","25":"tag-tv","26":"tag-tvi"},"share_on_mastodon":{"url":"","error":""},"_links":{"self":[{"href":"https:\/\/www.europesays.com\/pt\/wp-json\/wp\/v2\/posts\/84059","targetHints":{"allow":["GET"]}}],"collection":[{"href":"https:\/\/www.europesays.com\/pt\/wp-json\/wp\/v2\/posts"}],"about":[{"href":"https:\/\/www.europesays.com\/pt\/wp-json\/wp\/v2\/types\/post"}],"author":[{"embeddable":true,"href":"https:\/\/www.europesays.com\/pt\/wp-json\/wp\/v2\/users\/2"}],"replies":[{"embeddable":true,"href":"https:\/\/www.europesays.com\/pt\/wp-json\/wp\/v2\/comments?post=84059"}],"version-history":[{"count":0,"href":"https:\/\/www.europesays.com\/pt\/wp-json\/wp\/v2\/posts\/84059\/revisions"}],"wp:featuredmedia":[{"embeddable":true,"href":"https:\/\/www.europesays.com\/pt\/wp-json\/wp\/v2\/media\/84060"}],"wp:attachment":[{"href":"https:\/\/www.europesays.com\/pt\/wp-json\/wp\/v2\/media?parent=84059"}],"wp:term":[{"taxonomy":"category","embeddable":true,"href":"https:\/\/www.europesays.com\/pt\/wp-json\/wp\/v2\/categories?post=84059"},{"taxonomy":"post_tag","embeddable":true,"href":"https:\/\/www.europesays.com\/pt\/wp-json\/wp\/v2\/tags?post=84059"}],"curies":[{"name":"wp","href":"https:\/\/api.w.org\/{rel}","templated":true}]}}