{"id":84118,"date":"2025-09-24T01:46:11","date_gmt":"2025-09-24T01:46:11","guid":{"rendered":"https:\/\/www.europesays.com\/pt\/84118\/"},"modified":"2025-09-24T01:46:11","modified_gmt":"2025-09-24T01:46:11","slug":"o-pior-corte-de-cabelo-da-historia-afonso-leitao-goza-com-catarina-miranda","status":"publish","type":"post","link":"https:\/\/www.europesays.com\/pt\/84118\/","title":{"rendered":"&#8220;O pior corte de cabelo da hist\u00f3ria&#8221;: Afonso Leit\u00e3o goza com Catarina Miranda!"},"content":{"rendered":"<p>No Instagram, <a href=\"https:\/\/selfie.iol.pt\/famosos\/casa-dos-segredos\/ao-lado-de-afonso-leitao-catarina-miranda-lanca-bomba\/20250922\/68d155ead34e58bc679606cf\" target=\"_blank\" rel=\"nofollow noopener\">Afonso Leit\u00e3o<\/a> decidiu meter-se com <a href=\"https:\/\/selfie.iol.pt\/famosos\/catarina-miranda\/secret-story-catarina-miranda-elogia-concorrente-faria-exatamente-o-mesmo\/20250923\/68d2b016d34e58bc679613d2\" target=\"_blank\" rel=\"nofollow noopener\">Catarina Miranda<\/a>. Nessa rede social, o finalista do &#8220;<a href=\"https:\/\/tvi.iol.pt\/bigbrother\/\" target=\"_blank\" rel=\"nofollow noopener\">Big Brother Ver\u00e3o<\/a>&#8221; decidiu partilhar uma not\u00edcia inusitada.<\/p>\n<p>&#8220;Jardim zool\u00f3gico chin\u00eas torna-se viral ao fazer o &#8216;pior corte de cabelo da hist\u00f3ria&#8217; a um le\u00e3o&#8221; \u00e9 o t\u00edtulo dessa not\u00edcia.<\/p>\n<p>E, na legenda, Afonso Leit\u00e3o acabou por brincar com Catarina Miranda. &#8220;A Sininho [nome carinhoso com que trata Catarina Miranda] quando vai ao cabeleireiro&#8221;, assinalou.<\/p>\n<p>Veja, agora, algumas das melhores imagens de Afonso Leit\u00e3o e Catarina Miranda nas galerias de fotografias que prepar\u00e1mos para si.<\/p>\n<p><img decoding=\"async\" alt=\"\" onclick=\"\" src=\"https:\/\/www.europesays.com\/pt\/wp-content\/uploads\/2025\/09\/1758678371_837_1024.png\" title=\"Afonso Leit\u00e3o\"\/><\/p>\n","protected":false},"excerpt":{"rendered":"No Instagram, Afonso Leit\u00e3o decidiu meter-se com Catarina Miranda. Nessa rede social, o finalista do &#8220;Big Brother Ver\u00e3o&#8221;&hellip;\n","protected":false},"author":2,"featured_media":72434,"comment_status":"","ping_status":"","sticky":false,"template":"","format":"standard","meta":{"footnotes":""},"categories":[142],"tags":[2031,48,6041,342,114,115,980,1015,619,32,33,1014,1012,151,162],"class_list":{"0":"post-84118","1":"post","2":"type-post","3":"status-publish","4":"format-standard","5":"has-post-thumbnail","7":"category-tv","8":"tag-afonso-leitao","9":"tag-big-brother","10":"tag-cabelo","11":"tag-catarina-miranda","12":"tag-entertainment","13":"tag-entretenimento","14":"tag-famosos","15":"tag-instagram","16":"tag-nacional","17":"tag-portugal","18":"tag-pt","19":"tag-reality-show","20":"tag-selfie","21":"tag-tv","22":"tag-tvi"},"share_on_mastodon":{"url":"","error":""},"_links":{"self":[{"href":"https:\/\/www.europesays.com\/pt\/wp-json\/wp\/v2\/posts\/84118","targetHints":{"allow":["GET"]}}],"collection":[{"href":"https:\/\/www.europesays.com\/pt\/wp-json\/wp\/v2\/posts"}],"about":[{"href":"https:\/\/www.europesays.com\/pt\/wp-json\/wp\/v2\/types\/post"}],"author":[{"embeddable":true,"href":"https:\/\/www.europesays.com\/pt\/wp-json\/wp\/v2\/users\/2"}],"replies":[{"embeddable":true,"href":"https:\/\/www.europesays.com\/pt\/wp-json\/wp\/v2\/comments?post=84118"}],"version-history":[{"count":0,"href":"https:\/\/www.europesays.com\/pt\/wp-json\/wp\/v2\/posts\/84118\/revisions"}],"wp:featuredmedia":[{"embeddable":true,"href":"https:\/\/www.europesays.com\/pt\/wp-json\/wp\/v2\/media\/72434"}],"wp:attachment":[{"href":"https:\/\/www.europesays.com\/pt\/wp-json\/wp\/v2\/media?parent=84118"}],"wp:term":[{"taxonomy":"category","embeddable":true,"href":"https:\/\/www.europesays.com\/pt\/wp-json\/wp\/v2\/categories?post=84118"},{"taxonomy":"post_tag","embeddable":true,"href":"https:\/\/www.europesays.com\/pt\/wp-json\/wp\/v2\/tags?post=84118"}],"curies":[{"name":"wp","href":"https:\/\/api.w.org\/{rel}","templated":true}]}}