{"id":84184,"date":"2025-09-24T03:29:10","date_gmt":"2025-09-24T03:29:10","guid":{"rendered":"https:\/\/www.europesays.com\/pt\/84184\/"},"modified":"2025-09-24T03:29:10","modified_gmt":"2025-09-24T03:29:10","slug":"financiamento-da-rtp-governo-quer-modernizacao-com-menos-custos-rtp","status":"publish","type":"post","link":"https:\/\/www.europesays.com\/pt\/84184\/","title":{"rendered":"Financiamento da RTP. Governo quer moderniza\u00e7\u00e3o com menos custos &#8211; RTP"},"content":{"rendered":"<ol>\n<li><a href=\"https:\/\/news.google.com\/rss\/articles\/CBMirgFBVV95cUxQWlRlSGVxRHR5RHZVNlZhcFhjckZlUkw0QXN1LWFyMDdMSi1GeGQ0aXFrb0h1RHh0SnVrMVdJbXRmZ29vUW1uVFdrSFd6ODJsREpSeXFYanMzRnlLd0RfMlIyOWFHakFHV0xuTkJGMXhRaU1BSmRPNVkxTHZ4X3pINXNqVU1XTVIyNWQtaEhsZ2N5bmNrMUxJMFFOSG90bWw0aUZUVGtUZ3RtZ3l1clE?oc=5\" target=\"_blank\" rel=\"nofollow noopener\">Financiamento da RTP. Governo quer moderniza\u00e7\u00e3o com menos custos<\/a>&nbsp;&nbsp;RTP<\/li>\n<li><a href=\"https:\/\/news.google.com\/rss\/articles\/CBMimgJBVV95cUxNY0FSWmpVQ1VQaFlSNGlZeFQyci1tY1A0c3hwZ2M4SVZBQ1I3UzN0NG42N0oyay1RRVlzSHh4cFgxVy1YYUJDUU40WWpaWVFRQ3BnNmt2MDJkdHJyQl9wMjlMRXZuMHVaQmhZaTZ0Wkx6QXk4SWRQU282ZXpzUW9rRnh6NXB2RXY4VUpackE1bnVVcEtLYWFPQWwyUnQwWlBGOXdkRV9aQzAweHA0cC1xVF9xdl9NSzRzdFBncDJ2VExBYVE2N3lGR0FoanV5cktkUnFMNDd4a2tJTEVhMmRzTnBMemlNUHhTLUZTbC15T1RmZGdMd2lsdnZDbFBCLV9zLXR4X09GQlE3RmVHWXljTE1zTU54dkx5SnfSAagCQVVfeXFMUE4tdFptbTVKR0lzMFlrS0p4cWdYSTlfcmtEdW5PcGR5MHFac21KTEFPcUp5cWlYSkpPNWF4RnRYT0xzRnBiN282bVVmaXI4cGVYT0ptVkJoU3pPZWxPY3ExTXV1ZDVsVEdqWTFhaE9wTUd6N0t3cWVMM215d3V3ZWV2bnF3b21RZV9uMERjeEh0U20waFVyN0RpUVUzeHhqaFUzUktaT1lzY180YjhqbmtDcW1sQ0RQT2pCYnlGdlVLZkRiVFFlWWo2WE9ZNXFmSWZLNFRaRHQyX0VXTWl2bjRCS3FDNUFyZkRaUUFkRlRZSXROdkl3TkxBSUdNSXhFd3hicFBVSE5HOWYzVkQ2Nk5nMFphVWdhZ3R5ZG0zQWJ4bHlEc0gyaXA?oc=5\" target=\"_blank\" rel=\"nofollow noopener\">Discurso de Trump na Assembleia Geral da ONU tem alega\u00e7\u00f5es falsas sobre conflitos, energias renov\u00e1veis, mudan\u00e7as clim\u00e1ticas e imigra\u00e7\u00e3o; veja<\/a>&nbsp;&nbsp;G1<\/li>\n<li><a href=\"https:\/\/news.google.com\/rss\/articles\/CBMi4gFBVV95cUxPaklkZkQ0UVVPU0dCZHExSl8tUWVwMmhUZVhYbl9vSHdaWmdjcnRRUjB6SlBrS2dHNl84M0NmUGZQOUxFNzVLY0ltaTVpSHZxSXVlZHp3UnBMRklpSDBhcENxVDgwVjk0ZVJxNVAyZmdPR25ZeU5ITk1rcHNJWTJVQUhYNjhzOXZQOHlCOFIyVzdYVXdQNDBLZnpnVmRqbWZxWmJkdDI0MmJTcTM5b19XT1FDQS0zTFk4MzJ4WDJDVUdJS2V2emhUbUtfMTJzZVA2WmpwYl9CVFZvbTF3a0N0RTdB0gHnAUFVX3lxTFBwM1NocDVXMFo3MS1mM1g4OVlNc2dYTnZ5T2MyeUJsYnJyVFRSVWhlOUtvX0xpazlGQ1RUV0JaeGRxWlRUN0g3eENWMTB2ZDR5SHlFQVNNeDNNZVYxUEt5Mk5MRFRFcW5WRnpSa180VDYwN0tnOVJaOGZqSHE0ZzI1amQyWXNaNkRhVl9BdloxV2kycHpjOWc0aFJDMnFILUlMRGpQanRva0tvWFZxMFJ3TTJzYUVPYms1R2l0YkJBTF9remJfVkdJVWFid0Y4U2FEN1FsQXU2UjdpYjMwRElTclRaNzNOYw?oc=5\" target=\"_blank\" rel=\"nofollow noopener\">Trump reagiu a Lula, mas n\u00e3o deu ao Brasil tom \u00e1cido que dispensou a Ir\u00e3 e Venezuela<\/a>&nbsp;&nbsp;Folha de S.Paulo<\/li>\n<li><a href=\"https:\/\/news.google.com\/rss\/articles\/CBMiYkFVX3lxTE5yQ2VmNDQwc29lX01mTTBqRTlWaGtIdkFySUg3bDRkMlYtN3R0X1Z4WDFVd29Rd1VXOXdGQ09Nc1N4ajJwVm45RjZwOVMwaW1acjBrMXBkdm9iYVFIWENVU2xn?oc=5\" target=\"_blank\" rel=\"nofollow noopener\">&#8216;Seus pa\u00edses est\u00e3o indo para o inferno&#8217;: a vis\u00e3o de mundo de Trump em quase uma hora de discurso na ONU<\/a>&nbsp;&nbsp;BBC<\/li>\n<li><a href=\"https:\/\/news.google.com\/rss\/articles\/CBMiuwFBVV95cUxNVEpUSURpWXRHZVFnengxY0RnVHNNNTA1eXdNcDlZNXdvaWpjb1NBS29PSG9aendKd21ORG9MYm9XUFlvLWpjUVpBek56V0JnRUN5SktKbFdtektBSXpGXzdsWnVJbUs0cnJlZkFRZFhxdnlLdlVNMUQ1YmRDVWJsdjhieUFweS1DWXhrc1I1U3RoOEVUWWMweGpEeTBDQWVONEUyLXZnVVItQmtTMlNZOXVlLTVxMlk2aWpz?oc=5\" target=\"_blank\" rel=\"nofollow noopener\">Trump alfineta ONU por falha em teleprompter, mas aparelho era operado pela Casa Branca<\/a>&nbsp;&nbsp;VEJA<\/li>\n<\/ol>\n","protected":false},"excerpt":{"rendered":"Financiamento da RTP. Governo quer moderniza\u00e7\u00e3o com menos custos&nbsp;&nbsp;RTP Discurso de Trump na Assembleia Geral da ONU tem&hellip;\n","protected":false},"author":2,"featured_media":84185,"comment_status":"","ping_status":"","sticky":false,"template":"","format":"standard","meta":{"footnotes":""},"categories":[142],"tags":[114,115,13,32,33,420,421,151],"class_list":{"0":"post-84184","1":"post","2":"type-post","3":"status-publish","4":"format-standard","5":"has-post-thumbnail","7":"category-tv","8":"tag-entertainment","9":"tag-entretenimento","10":"tag-noticias","11":"tag-portugal","12":"tag-pt","13":"tag-rtp","14":"tag-rtp-noticias","15":"tag-tv"},"share_on_mastodon":{"url":"","error":""},"_links":{"self":[{"href":"https:\/\/www.europesays.com\/pt\/wp-json\/wp\/v2\/posts\/84184","targetHints":{"allow":["GET"]}}],"collection":[{"href":"https:\/\/www.europesays.com\/pt\/wp-json\/wp\/v2\/posts"}],"about":[{"href":"https:\/\/www.europesays.com\/pt\/wp-json\/wp\/v2\/types\/post"}],"author":[{"embeddable":true,"href":"https:\/\/www.europesays.com\/pt\/wp-json\/wp\/v2\/users\/2"}],"replies":[{"embeddable":true,"href":"https:\/\/www.europesays.com\/pt\/wp-json\/wp\/v2\/comments?post=84184"}],"version-history":[{"count":0,"href":"https:\/\/www.europesays.com\/pt\/wp-json\/wp\/v2\/posts\/84184\/revisions"}],"wp:featuredmedia":[{"embeddable":true,"href":"https:\/\/www.europesays.com\/pt\/wp-json\/wp\/v2\/media\/84185"}],"wp:attachment":[{"href":"https:\/\/www.europesays.com\/pt\/wp-json\/wp\/v2\/media?parent=84184"}],"wp:term":[{"taxonomy":"category","embeddable":true,"href":"https:\/\/www.europesays.com\/pt\/wp-json\/wp\/v2\/categories?post=84184"},{"taxonomy":"post_tag","embeddable":true,"href":"https:\/\/www.europesays.com\/pt\/wp-json\/wp\/v2\/tags?post=84184"}],"curies":[{"name":"wp","href":"https:\/\/api.w.org\/{rel}","templated":true}]}}