{"id":84217,"date":"2025-09-24T04:08:10","date_gmt":"2025-09-24T04:08:10","guid":{"rendered":"https:\/\/www.europesays.com\/pt\/84217\/"},"modified":"2025-09-24T04:08:10","modified_gmt":"2025-09-24T04:08:10","slug":"lisboa-film-festival-traz-jim-jarmusch-rtp","status":"publish","type":"post","link":"https:\/\/www.europesays.com\/pt\/84217\/","title":{"rendered":"Lisboa Film Festival traz Jim Jarmusch &#8211; RTP"},"content":{"rendered":"<ol>\n<li><a href=\"https:\/\/news.google.com\/rss\/articles\/CBMiiwFBVV95cUxNWmczcWE0bUo1Q1ZCejhDa25YVy1PZER3T2FSb0UyeElUYXV3SW9NN0ZIdUZoU2ZmNnM4bGJqLTM0Q2pveVo4TjJfcDdJRHhKRkt0R0dLRnJRVDRpN0Nvakw5YThMb192QU9fS2RNWldlTVlraVU0N08tLTBUMkt3UVIyQ2pRVy1RTGFj?oc=5\" target=\"_blank\" rel=\"nofollow noopener\">Lisboa Film Festival traz Jim Jarmusch<\/a>&nbsp;&nbsp;RTP<\/li>\n<li><a href=\"https:\/\/news.google.com\/rss\/articles\/CBMimgJBVV95cUxNY0FSWmpVQ1VQaFlSNGlZeFQyci1tY1A0c3hwZ2M4SVZBQ1I3UzN0NG42N0oyay1RRVlzSHh4cFgxVy1YYUJDUU40WWpaWVFRQ3BnNmt2MDJkdHJyQl9wMjlMRXZuMHVaQmhZaTZ0Wkx6QXk4SWRQU282ZXpzUW9rRnh6NXB2RXY4VUpackE1bnVVcEtLYWFPQWwyUnQwWlBGOXdkRV9aQzAweHA0cC1xVF9xdl9NSzRzdFBncDJ2VExBYVE2N3lGR0FoanV5cktkUnFMNDd4a2tJTEVhMmRzTnBMemlNUHhTLUZTbC15T1RmZGdMd2lsdnZDbFBCLV9zLXR4X09GQlE3RmVHWXljTE1zTU54dkx5SnfSAagCQVVfeXFMUE4tdFptbTVKR0lzMFlrS0p4cWdYSTlfcmtEdW5PcGR5MHFac21KTEFPcUp5cWlYSkpPNWF4RnRYT0xzRnBiN282bVVmaXI4cGVYT0ptVkJoU3pPZWxPY3ExTXV1ZDVsVEdqWTFhaE9wTUd6N0t3cWVMM215d3V3ZWV2bnF3b21RZV9uMERjeEh0U20waFVyN0RpUVUzeHhqaFUzUktaT1lzY180YjhqbmtDcW1sQ0RQT2pCYnlGdlVLZkRiVFFlWWo2WE9ZNXFmSWZLNFRaRHQyX0VXTWl2bjRCS3FDNUFyZkRaUUFkRlRZSXROdkl3TkxBSUdNSXhFd3hicFBVSE5HOWYzVkQ2Nk5nMFphVWdhZ3R5ZG0zQWJ4bHlEc0gyaXA?oc=5\" target=\"_blank\" rel=\"nofollow noopener\">Discurso de Trump na Assembleia Geral da ONU tem alega\u00e7\u00f5es falsas sobre conflitos, energias renov\u00e1veis, mudan\u00e7as clim\u00e1ticas e imigra\u00e7\u00e3o; veja<\/a>&nbsp;&nbsp;G1<\/li>\n<li><a href=\"https:\/\/news.google.com\/rss\/articles\/CBMi4gFBVV95cUxPaklkZkQ0UVVPU0dCZHExSl8tUWVwMmhUZVhYbl9vSHdaWmdjcnRRUjB6SlBrS2dHNl84M0NmUGZQOUxFNzVLY0ltaTVpSHZxSXVlZHp3UnBMRklpSDBhcENxVDgwVjk0ZVJxNVAyZmdPR25ZeU5ITk1rcHNJWTJVQUhYNjhzOXZQOHlCOFIyVzdYVXdQNDBLZnpnVmRqbWZxWmJkdDI0MmJTcTM5b19XT1FDQS0zTFk4MzJ4WDJDVUdJS2V2emhUbUtfMTJzZVA2WmpwYl9CVFZvbTF3a0N0RTdB0gHnAUFVX3lxTFBwM1NocDVXMFo3MS1mM1g4OVlNc2dYTnZ5T2MyeUJsYnJyVFRSVWhlOUtvX0xpazlGQ1RUV0JaeGRxWlRUN0g3eENWMTB2ZDR5SHlFQVNNeDNNZVYxUEt5Mk5MRFRFcW5WRnpSa180VDYwN0tnOVJaOGZqSHE0ZzI1amQyWXNaNkRhVl9BdloxV2kycHpjOWc0aFJDMnFILUlMRGpQanRva0tvWFZxMFJ3TTJzYUVPYms1R2l0YkJBTF9remJfVkdJVWFid0Y4U2FEN1FsQXU2UjdpYjMwRElTclRaNzNOYw?oc=5\" target=\"_blank\" rel=\"nofollow noopener\">Trump reagiu a Lula, mas n\u00e3o deu ao Brasil tom \u00e1cido que dispensou a Ir\u00e3 e Venezuela<\/a>&nbsp;&nbsp;Folha de S.Paulo<\/li>\n<li><a href=\"https:\/\/news.google.com\/rss\/articles\/CBMiYkFVX3lxTE5yQ2VmNDQwc29lX01mTTBqRTlWaGtIdkFySUg3bDRkMlYtN3R0X1Z4WDFVd29Rd1VXOXdGQ09Nc1N4ajJwVm45RjZwOVMwaW1acjBrMXBkdm9iYVFIWENVU2xn?oc=5\" target=\"_blank\" rel=\"nofollow noopener\">&#8216;Seus pa\u00edses est\u00e3o indo para o inferno&#8217;: a vis\u00e3o de mundo de Trump em quase uma hora de discurso na ONU<\/a>&nbsp;&nbsp;BBC<\/li>\n<li><a href=\"https:\/\/news.google.com\/rss\/articles\/CBMiuwFBVV95cUxNVEpUSURpWXRHZVFnengxY0RnVHNNNTA1eXdNcDlZNXdvaWpjb1NBS29PSG9aendKd21ORG9MYm9XUFlvLWpjUVpBek56V0JnRUN5SktKbFdtektBSXpGXzdsWnVJbUs0cnJlZkFRZFhxdnlLdlVNMUQ1YmRDVWJsdjhieUFweS1DWXhrc1I1U3RoOEVUWWMweGpEeTBDQWVONEUyLXZnVVItQmtTMlNZOXVlLTVxMlk2aWpz?oc=5\" target=\"_blank\" rel=\"nofollow noopener\">Trump alfineta ONU por falha em teleprompter, mas aparelho era operado pela Casa Branca<\/a>&nbsp;&nbsp;VEJA<\/li>\n<\/ol>\n","protected":false},"excerpt":{"rendered":"Lisboa Film Festival traz Jim Jarmusch&nbsp;&nbsp;RTP Discurso de Trump na Assembleia Geral da ONU tem alega\u00e7\u00f5es falsas sobre&hellip;\n","protected":false},"author":2,"featured_media":84218,"comment_status":"","ping_status":"","sticky":false,"template":"","format":"standard","meta":{"footnotes":""},"categories":[145],"tags":[211,210,114,115,13,32,33,420,421],"class_list":{"0":"post-84217","1":"post","2":"type-post","3":"status-publish","4":"format-standard","5":"has-post-thumbnail","7":"category-celebridades","8":"tag-celebridades","9":"tag-celebrities","10":"tag-entertainment","11":"tag-entretenimento","12":"tag-noticias","13":"tag-portugal","14":"tag-pt","15":"tag-rtp","16":"tag-rtp-noticias"},"share_on_mastodon":{"url":"","error":""},"_links":{"self":[{"href":"https:\/\/www.europesays.com\/pt\/wp-json\/wp\/v2\/posts\/84217","targetHints":{"allow":["GET"]}}],"collection":[{"href":"https:\/\/www.europesays.com\/pt\/wp-json\/wp\/v2\/posts"}],"about":[{"href":"https:\/\/www.europesays.com\/pt\/wp-json\/wp\/v2\/types\/post"}],"author":[{"embeddable":true,"href":"https:\/\/www.europesays.com\/pt\/wp-json\/wp\/v2\/users\/2"}],"replies":[{"embeddable":true,"href":"https:\/\/www.europesays.com\/pt\/wp-json\/wp\/v2\/comments?post=84217"}],"version-history":[{"count":0,"href":"https:\/\/www.europesays.com\/pt\/wp-json\/wp\/v2\/posts\/84217\/revisions"}],"wp:featuredmedia":[{"embeddable":true,"href":"https:\/\/www.europesays.com\/pt\/wp-json\/wp\/v2\/media\/84218"}],"wp:attachment":[{"href":"https:\/\/www.europesays.com\/pt\/wp-json\/wp\/v2\/media?parent=84217"}],"wp:term":[{"taxonomy":"category","embeddable":true,"href":"https:\/\/www.europesays.com\/pt\/wp-json\/wp\/v2\/categories?post=84217"},{"taxonomy":"post_tag","embeddable":true,"href":"https:\/\/www.europesays.com\/pt\/wp-json\/wp\/v2\/tags?post=84217"}],"curies":[{"name":"wp","href":"https:\/\/api.w.org\/{rel}","templated":true}]}}