{"id":84298,"date":"2025-09-24T05:59:12","date_gmt":"2025-09-24T05:59:12","guid":{"rendered":"https:\/\/www.europesays.com\/pt\/84298\/"},"modified":"2025-09-24T05:59:12","modified_gmt":"2025-09-24T05:59:12","slug":"ja-sao-conhecidos-os-nomeados-da-semana-veja-quem-esta-em-risco-de-abandonar-a-casa-secret-story","status":"publish","type":"post","link":"https:\/\/www.europesays.com\/pt\/84298\/","title":{"rendered":"J\u00e1 s\u00e3o conhecidos os nomeados da semana. Veja quem est\u00e1 em risco de abandonar a casa &#8211; Secret Story"},"content":{"rendered":"<p>No Especial do Secret Story 9, ap\u00f3s a segunda ronda de nomea\u00e7\u00f5es e uma nova nomea\u00e7\u00e3o direta, fic\u00e1mos a conhecer os nomeados desta segunda semana, da nona edi\u00e7\u00e3o da Casa dos Segredos.<\/p>\n<p>As linhas telef\u00f3nicas j\u00e1 est\u00e3o abertas e j\u00e1 pode votar para salvar o seu favorito:<\/p>\n<p><strong>CARINA \u2013 761 20 20 06<\/strong><\/p>\n<p><strong>F\u00c1BIO \u2013 761 20 20 08<\/strong><\/p>\n<p><strong>IN\u00caS \u2013 761 20 20 10<\/strong><\/p>\n<p><strong>LEANDRO \u2013 761 20 20 12<\/strong><\/p>\n<p><strong>LILIANA \u2013 761 20 20 14<\/strong><\/p>\n<p><a href=\"https:\/\/tvi.iol.pt\/secretstory\/aominuto\" rel=\"nofollow noopener\" target=\"_blank\"><strong>Acompanhe, ao minuto, tudo o que se passa na Casa mais vigiada do Pa\u00eds!<\/strong><\/a><\/p>\n","protected":false},"excerpt":{"rendered":"No Especial do Secret Story 9, ap\u00f3s a segunda ronda de nomea\u00e7\u00f5es e uma nova nomea\u00e7\u00e3o direta, fic\u00e1mos&hellip;\n","protected":false},"author":2,"featured_media":84299,"comment_status":"","ping_status":"","sticky":false,"template":"","format":"standard","meta":{"footnotes":""},"categories":[142],"tags":[114,115,19033,19034,32,33,151,19032],"class_list":{"0":"post-84298","1":"post","2":"type-post","3":"status-publish","4":"format-standard","5":"has-post-thumbnail","7":"category-tv","8":"tag-entertainment","9":"tag-entretenimento","10":"tag-galas-em-video","11":"tag-melhores-momentos-casa-dos-segredos","12":"tag-portugal","13":"tag-pt","14":"tag-tv","15":"tag-videos-secret-story-tvi"},"share_on_mastodon":{"url":"","error":""},"_links":{"self":[{"href":"https:\/\/www.europesays.com\/pt\/wp-json\/wp\/v2\/posts\/84298","targetHints":{"allow":["GET"]}}],"collection":[{"href":"https:\/\/www.europesays.com\/pt\/wp-json\/wp\/v2\/posts"}],"about":[{"href":"https:\/\/www.europesays.com\/pt\/wp-json\/wp\/v2\/types\/post"}],"author":[{"embeddable":true,"href":"https:\/\/www.europesays.com\/pt\/wp-json\/wp\/v2\/users\/2"}],"replies":[{"embeddable":true,"href":"https:\/\/www.europesays.com\/pt\/wp-json\/wp\/v2\/comments?post=84298"}],"version-history":[{"count":0,"href":"https:\/\/www.europesays.com\/pt\/wp-json\/wp\/v2\/posts\/84298\/revisions"}],"wp:featuredmedia":[{"embeddable":true,"href":"https:\/\/www.europesays.com\/pt\/wp-json\/wp\/v2\/media\/84299"}],"wp:attachment":[{"href":"https:\/\/www.europesays.com\/pt\/wp-json\/wp\/v2\/media?parent=84298"}],"wp:term":[{"taxonomy":"category","embeddable":true,"href":"https:\/\/www.europesays.com\/pt\/wp-json\/wp\/v2\/categories?post=84298"},{"taxonomy":"post_tag","embeddable":true,"href":"https:\/\/www.europesays.com\/pt\/wp-json\/wp\/v2\/tags?post=84298"}],"curies":[{"name":"wp","href":"https:\/\/api.w.org\/{rel}","templated":true}]}}