{"id":84421,"date":"2025-09-24T11:39:07","date_gmt":"2025-09-24T11:39:07","guid":{"rendered":"https:\/\/www.europesays.com\/pt\/84421\/"},"modified":"2025-09-24T11:39:07","modified_gmt":"2025-09-24T11:39:07","slug":"quem-e-ela-sabrina-sato-fica-irreconhecivel-ao-se-disfarcar-para-trabalho","status":"publish","type":"post","link":"https:\/\/www.europesays.com\/pt\/84421\/","title":{"rendered":"Quem \u00e9 ela? Sabrina Sato fica irreconhec\u00edvel ao se disfar\u00e7ar para trabalho"},"content":{"rendered":"\n<p>A apresentadora<strong class=\"group-[.isActiveSource]:text-xl group-[.isActiveSource]:font-bold\">\u00a0Sabrina Sato<\/strong>, 44, surpreendeu os internautas ao\u00a0<strong class=\"group-[.isActiveSource]:text-xl group-[.isActiveSource]:font-bold\">ficar irreconhec\u00edvel para uma produ\u00e7\u00e3o no trabalho<\/strong>. Em suas redes sociais, ela compartilhou fotos do processo, em que\u00a0<strong class=\"group-[.isActiveSource]:text-xl group-[.isActiveSource]:font-bold\">aparece sem a sua caracter\u00edstica pinta, pela primeira vez<\/strong>.<\/p>\n<p>&#8220;\u00c9 gente\u2026 n\u00e3o \u00e9 f\u00e1cil a vida da apresentadora brasileira! Pela primeira vez sem pinta. Essa sou eu, ou melhor, essa \u00e9 a Rosane, uma mulher que brilha no dia a dia, dona de um sal\u00e3o de beleza, cheia de \u00e2nimo de viver, apesar de tudo o que j\u00e1 passou. Criamos a Rosane no &#8216;SuaMaravilhosa&#8217;, nosso novo programa do GNT&#8221;, citou em um trecho de sua legenda, onde ainda explica que a nova atra\u00e7\u00e3o estreia em 30 de setembro.<\/p>\n<p>Al\u00e9m de uma peruca loira, a apresentadora apareceu de lente azul e at\u00e9 os seus dentes e nariz estavam com um formato diferente. &#8220;Eu vou me disfar\u00e7ar para conhecer a hist\u00f3ria de 10 mulheres incr\u00edveis. Vai ter pr\u00f3tese, dente falso, mudan\u00e7a de cabelo, voz (vou tentar) e n\u00e3o me julguem, roupa\u2026 at\u00e9 a verruga na testa vai embora! Tudo isso para que elas n\u00e3o desconfiem de nada e possam viver um momento \u00fanico, verdadeiro e inesquec\u00edvel&#8221;, explica.<\/p>\n<p><img decoding=\"async\" alt=\"\" height=\"742\" loading=\"lazy\" src=\"https:\/\/www.europesays.com\/pt\/wp-content\/uploads\/2025\/09\/sabrina-sato-01.jpg\" width=\"556\"\/><\/p>\n<p>Nos coment\u00e1rios, diversos artistas e internautas se surpreenderam com o processo de\u00a0caracteriza\u00e7\u00e3o\u00a0e com o resultado. &#8220;Incr\u00edvel demais meu amor, voc\u00ea se supera a cada trabalho, sou seu f\u00e3, te amo!&#8221;, citou o marido de Sabrina, o\u00a0ator Nicolas Prattes. &#8220;Incr\u00edvel!&#8221;, escreveu a apresentadora Astrid Fontenelle.<\/p>\n<p><img decoding=\"async\" alt=\"\" height=\"742\" loading=\"lazy\" src=\"https:\/\/www.europesays.com\/pt\/wp-content\/uploads\/2025\/09\/sabrina-sato-02.jpg\" width=\"556\"\/><\/p>\n","protected":false},"excerpt":{"rendered":"A apresentadora\u00a0Sabrina Sato, 44, surpreendeu os internautas ao\u00a0ficar irreconhec\u00edvel para uma produ\u00e7\u00e3o no trabalho. Em suas redes sociais,&hellip;\n","protected":false},"author":2,"featured_media":84422,"comment_status":"","ping_status":"","sticky":false,"template":"","format":"standard","meta":{"footnotes":""},"categories":[145],"tags":[3539,6013,1081,15670,211,210,114,115,21466,21467,21468,21463,15237,21464,21469,32,3654,33,548,21465,3792,11584,21471,21470],"class_list":{"0":"post-84421","1":"post","2":"type-post","3":"status-publish","4":"format-standard","5":"has-post-thumbnail","7":"category-celebridades","8":"tag-apresentadora","9":"tag-astrid-fontenelle","10":"tag-beleza","11":"tag-caracterizacao","12":"tag-celebridades","13":"tag-celebrities","14":"tag-entertainment","15":"tag-entretenimento","16":"tag-irreconhecivel","17":"tag-lente","18":"tag-loira","19":"tag-nariz","20":"tag-nicolas-prattes","21":"tag-peruca","22":"tag-pinta","23":"tag-portugal","24":"tag-producao","25":"tag-pt","26":"tag-redes-sociais","27":"tag-rosane","28":"tag-sabrina-sato","29":"tag-salao","30":"tag-suamaravilhosa","31":"tag-veja-fotos"},"share_on_mastodon":{"url":"","error":""},"_links":{"self":[{"href":"https:\/\/www.europesays.com\/pt\/wp-json\/wp\/v2\/posts\/84421","targetHints":{"allow":["GET"]}}],"collection":[{"href":"https:\/\/www.europesays.com\/pt\/wp-json\/wp\/v2\/posts"}],"about":[{"href":"https:\/\/www.europesays.com\/pt\/wp-json\/wp\/v2\/types\/post"}],"author":[{"embeddable":true,"href":"https:\/\/www.europesays.com\/pt\/wp-json\/wp\/v2\/users\/2"}],"replies":[{"embeddable":true,"href":"https:\/\/www.europesays.com\/pt\/wp-json\/wp\/v2\/comments?post=84421"}],"version-history":[{"count":0,"href":"https:\/\/www.europesays.com\/pt\/wp-json\/wp\/v2\/posts\/84421\/revisions"}],"wp:featuredmedia":[{"embeddable":true,"href":"https:\/\/www.europesays.com\/pt\/wp-json\/wp\/v2\/media\/84422"}],"wp:attachment":[{"href":"https:\/\/www.europesays.com\/pt\/wp-json\/wp\/v2\/media?parent=84421"}],"wp:term":[{"taxonomy":"category","embeddable":true,"href":"https:\/\/www.europesays.com\/pt\/wp-json\/wp\/v2\/categories?post=84421"},{"taxonomy":"post_tag","embeddable":true,"href":"https:\/\/www.europesays.com\/pt\/wp-json\/wp\/v2\/tags?post=84421"}],"curies":[{"name":"wp","href":"https:\/\/api.w.org\/{rel}","templated":true}]}}