{"id":84519,"date":"2025-09-24T12:55:08","date_gmt":"2025-09-24T12:55:08","guid":{"rendered":"https:\/\/www.europesays.com\/pt\/84519\/"},"modified":"2025-09-24T12:55:08","modified_gmt":"2025-09-24T12:55:08","slug":"novos-oculos-da-meta-nao-foram-a-coisa-mais-cara-que-zuckerberg-levou-para-a-apresentacao","status":"publish","type":"post","link":"https:\/\/www.europesays.com\/pt\/84519\/","title":{"rendered":"Novos \u00f3culos da Meta n\u00e3o foram a coisa mais cara que Zuckerberg levou para a apresenta\u00e7\u00e3o"},"content":{"rendered":"<p>Durante a mais recente apresenta\u00e7\u00e3o da Meta, a aten\u00e7\u00e3o estava toda virada para os novos \u00f3culos inteligentes e a sua tecnologia de controlo por gestos. No entanto, um detalhe de luxo no pulso de Mark Zuckerberg passou quase despercebido a todos.<\/p>\n<p style=\"text-align: center;\"><a target=\"_blank\" href=\"https:\/\/pplware.sapo.pt\/wp-content\/uploads\/2025\/09\/mark_zuckerberg_meta_02.webp\" rel=\"nofollow noopener\"><img fetchpriority=\"high\" decoding=\"async\" src=\"https:\/\/www.europesays.com\/pt\/wp-content\/uploads\/2025\/09\/mark_zuckerberg_meta_02-1024x576.webp.webp\" alt=\"\" width=\"720\" height=\"405\" class=\"alignnone size-large wp-image-1080310\"  \/><\/a><\/p>\n<p>550.000 euros no pulso de Zuckerberg<\/p>\n<p>No mais recente evento da Meta, Mark Zuckerberg <a target=\"_blank\" href=\"https:\/\/www.youtube.com\/watch?v=gZ9IsB72nVk\" rel=\"nofollow noopener\">demonstrou<\/a> pessoalmente as capacidades dos novos \u00f3culos com ecr\u00e3 integrado, complementados por uma pulseira no seu pulso direito, concebida para capturar os movimentos dos dedos<strong> e controlar as funcionalidades do dispositivo<\/strong>.<\/p>\n<p>Contudo, enquanto a audi\u00eancia estava fascinada por esta dupla tecnol\u00f3gica, poucos se aperceberam do que o fundador da Meta usava no seu pulso esquerdo: <strong>uma pe\u00e7a de relojoaria avaliada em mais de 550.000 euros<\/strong>.<\/p>\n<p>Enquanto o foco mundial se concentrava na tecnologia dos novos Ray-Ban Meta Display e na inovadora pulseira de controlo, Mark Zuckerberg conseguiu exibir, sem que ningu\u00e9m notasse, um raro rel\u00f3gio su\u00ed\u00e7o Greubel Forsey <a target=\"_blank\" href=\"https:\/\/greubelforsey.com\/en\/watches\/nano-foudroyante\" rel=\"nofollow noopener\">Nano Foudroyante EWT<\/a>.<\/p>\n<p>Curiosamente, esta n\u00e3o \u00e9 a primeira vez que o magnata da tecnologia elege uma pe\u00e7a exclusiva destes mestres da relojoaria su\u00ed\u00e7a para um an\u00fancio importante. Por ocasi\u00e3o de uma comunica\u00e7\u00e3o sobre as mudan\u00e7as na modera\u00e7\u00e3o de conte\u00fados da Meta, Zuckerberg usou um Greubel Forsey <a target=\"_blank\" href=\"https:\/\/greubelforsey.com\/en\/watches\/hand-made-1\" rel=\"nofollow noopener\">Hand Made 1 Tourbillon<\/a>, uma pe\u00e7a inteiramente artesanal <strong>avaliada em cerca de 900.000 d\u00f3lares<\/strong>.<\/p>\n<p style=\"text-align: center;\"><a target=\"_blank\" href=\"https:\/\/pplware.sapo.pt\/wp-content\/uploads\/2025\/09\/greubel-forsey-nano-foudroyante_01.webp\" rel=\"nofollow noopener\"><img loading=\"lazy\" decoding=\"async\" src=\"https:\/\/www.europesays.com\/pt\/wp-content\/uploads\/2025\/09\/greubel-forsey-nano-foudroyante_01-1024x576.webp.webp\" alt=\"\" width=\"720\" height=\"405\" class=\"alignnone size-large wp-image-1080311\"  \/><\/a><\/p>\n<p>Tecnologia de ponta neste rel\u00f3gio de meio milh\u00e3o<\/p>\n<p>O Greubel Forsey Nano Foudroyante EWT (Experimental Watch Technology) \u00e9 uma das cria\u00e7\u00f5es mais singulares e avan\u00e7adas da conceituada marca. O seu n\u00edvel de complexidade e mestria artesanal \u00e9 not\u00e1vel, <strong>com 428 componentes internos e uma produ\u00e7\u00e3o anual extremamente restrita<\/strong>.<\/p>\n<p>Desta primeira vers\u00e3o, foram fabricadas apenas 11 unidades, tornando cada exemplar numa raridade ultraexclusiva, como o pr\u00f3prio Zuckerberg confirmou numa <a target=\"_blank\" href=\"https:\/\/www.tiktok.com\/@drip\/video\/7551513163573890335\" rel=\"nofollow noopener\">entrevista<\/a> posterior ao Drip. Segundo os especialistas, o seu maior feito tecnol\u00f3gico reside no foudroyante.<\/p>\n<p>O ponteiro dos segundos \u00e9 um dos elementos que mais energia consome num rel\u00f3gio mec\u00e2nico. No entanto, a Greubel Forsey aplicou a nanomec\u00e2nica para miniaturizar este mecanismo, <strong>conseguindo que consuma 1800 vezes menos energia do que um rel\u00f3gio convencional<\/strong>.<\/p>\n<p>De acordo com a fabricante, o Nano Foudroyante EWT \u00e9 o culminar de vinte anos de investiga\u00e7\u00e3o da Greubel Forsey, e a inova\u00e7\u00e3o no funcionamento do &#8220;segundeiro&#8221; \u00e9 classificada como a sua d\u00e9cima &#8220;inven\u00e7\u00e3o fundamental&#8221;. O marco alcan\u00e7ado foi conseguir que a energia do mecanismo <strong>seja gerida \u00e0 escala de nanojoules, em vez de joules<\/strong>.<\/p>\n<p>Este avan\u00e7o tecnol\u00f3gico n\u00e3o se reflete apenas no consumo, mas tamb\u00e9m na miniaturiza\u00e7\u00e3o dos componentes, resultando no rel\u00f3gio mais compacto alguma vez produzido pela marca, <strong>com apenas 37,9 mm de di\u00e2metro de caixa e um movimento de 31 mm<\/strong>.<\/p>\n<p>\u00a0<\/p>\n<p><strong>Leia tamb\u00e9m:<\/strong><\/p>\n<p>\t\t\t\t\t\t<script async src=\"\/\/www.tiktok.com\/embed.js\"><\/script><\/p>\n","protected":false},"excerpt":{"rendered":"Durante a mais recente apresenta\u00e7\u00e3o da Meta, a aten\u00e7\u00e3o estava toda virada para os novos \u00f3culos inteligentes e&hellip;\n","protected":false},"author":2,"featured_media":84520,"comment_status":"","ping_status":"","sticky":false,"template":"","format":"standard","meta":{"footnotes":""},"categories":[84],"tags":[109,107,108,21487,111,32,33,105,103,104,106,110,21488],"class_list":{"0":"post-84519","1":"post","2":"type-post","3":"status-publish","4":"format-standard","5":"has-post-thumbnail","7":"category-ciencia-e-tecnologia","8":"tag-ciencia","9":"tag-ciencia-e-tecnologia","10":"tag-cienciaetecnologia","11":"tag-greubel-forsey","12":"tag-meta","13":"tag-portugal","14":"tag-pt","15":"tag-science","16":"tag-science-and-technology","17":"tag-scienceandtechnology","18":"tag-technology","19":"tag-tecnologia","20":"tag-zuckerberg"},"share_on_mastodon":{"url":"","error":""},"_links":{"self":[{"href":"https:\/\/www.europesays.com\/pt\/wp-json\/wp\/v2\/posts\/84519","targetHints":{"allow":["GET"]}}],"collection":[{"href":"https:\/\/www.europesays.com\/pt\/wp-json\/wp\/v2\/posts"}],"about":[{"href":"https:\/\/www.europesays.com\/pt\/wp-json\/wp\/v2\/types\/post"}],"author":[{"embeddable":true,"href":"https:\/\/www.europesays.com\/pt\/wp-json\/wp\/v2\/users\/2"}],"replies":[{"embeddable":true,"href":"https:\/\/www.europesays.com\/pt\/wp-json\/wp\/v2\/comments?post=84519"}],"version-history":[{"count":0,"href":"https:\/\/www.europesays.com\/pt\/wp-json\/wp\/v2\/posts\/84519\/revisions"}],"wp:featuredmedia":[{"embeddable":true,"href":"https:\/\/www.europesays.com\/pt\/wp-json\/wp\/v2\/media\/84520"}],"wp:attachment":[{"href":"https:\/\/www.europesays.com\/pt\/wp-json\/wp\/v2\/media?parent=84519"}],"wp:term":[{"taxonomy":"category","embeddable":true,"href":"https:\/\/www.europesays.com\/pt\/wp-json\/wp\/v2\/categories?post=84519"},{"taxonomy":"post_tag","embeddable":true,"href":"https:\/\/www.europesays.com\/pt\/wp-json\/wp\/v2\/tags?post=84519"}],"curies":[{"name":"wp","href":"https:\/\/api.w.org\/{rel}","templated":true}]}}