{"id":84719,"date":"2025-09-24T15:18:53","date_gmt":"2025-09-24T15:18:53","guid":{"rendered":"https:\/\/www.europesays.com\/pt\/84719\/"},"modified":"2025-09-24T15:18:53","modified_gmt":"2025-09-24T15:18:53","slug":"impacto-em-toda-a-linha-no-litoral-norte-com-a-abertura-da-a28","status":"publish","type":"post","link":"https:\/\/www.europesays.com\/pt\/84719\/","title":{"rendered":"Impacto em toda a linha no Litoral Norte com a &#8220;abertura&#8221; da A28"},"content":{"rendered":"<p>&#8220;A implementa\u00e7\u00e3o da isen\u00e7\u00e3o de portagens na A28, Autoestrada do Litoral Norte, tem-se revelado uma medida estrat\u00e9gica relevante para Esposende, com impactos que come\u00e7am a ser vis\u00edveis no crescimento empresarial, no dinamismo tur\u00edstico e aumento da atratividade residencial&#8221;. A frase do presidente da C\u00e2mara, Guilherme Em\u00edlio, resume o impacto do fim das portagens na autoestrada que serve a regi\u00e3o, com o tr\u00e1fego a aumentar 35,5% no tro\u00e7o Neiva-Darque e 20,8% entre Esposende e Antas.<\/p>\n<p data-remotead-prev-elm=\"true\" data-remotead-elm-id=\"inread\">Desde a entrada em vigor da medida, no in\u00edcio deste ano, adianta o edil, assistiu-se &#8220;a uma maior fluidez nas desloca\u00e7\u00f5es entre Esposende e o Norte, nomeadamente Viana&#8221;. Acrescenta que &#8220;permitiu redirecionar a circula\u00e7\u00e3o de ve\u00edculos pesados para a A28, reduzindo a sua circula\u00e7\u00e3o na EN13, com reflexos positivos na mobilidade dos residentes e na log\u00edstica empresarial&#8221;. Este fator &#8220;tem-se revelado decisivo para refor\u00e7ar a competitividade das nossas empresas e dinamizar o com\u00e9rcio local&#8221;.<\/p>\n<p>Acesso exclusivo a assinantes<\/p>\n<p>Acesso ilimitado a conte\u00fados exclusivos<\/p>\n<p>Navega\u00e7\u00e3o sem publicidade intrusiva<\/p>\n<p>Vers\u00e3o digital do jornal, suplementos e revistas<\/p>\n","protected":false},"excerpt":{"rendered":"&#8220;A implementa\u00e7\u00e3o da isen\u00e7\u00e3o de portagens na A28, Autoestrada do Litoral Norte, tem-se revelado uma medida estrat\u00e9gica relevante&hellip;\n","protected":false},"author":2,"featured_media":84720,"comment_status":"","ping_status":"","sticky":false,"template":"","format":"standard","meta":{"footnotes":""},"categories":[10],"tags":[21513,27,28,21512,21514,15,16,14,25,26,21,22,12,13,19,20,32,23,24,33,17,18,29,30,31],"class_list":{"0":"post-84719","1":"post","2":"type-post","3":"status-publish","4":"format-standard","5":"has-post-thumbnail","7":"category-portugal","8":"tag-a28","9":"tag-breaking-news","10":"tag-breakingnews","11":"tag-concelho-esposende","12":"tag-concelho-viana-do-castelo","13":"tag-featured-news","14":"tag-featurednews","15":"tag-headlines","16":"tag-latest-news","17":"tag-latestnews","18":"tag-main-news","19":"tag-mainnews","20":"tag-news","21":"tag-noticias","22":"tag-noticias-principais","23":"tag-noticiasprincipais","24":"tag-portugal","25":"tag-principais-noticias","26":"tag-principaisnoticias","27":"tag-pt","28":"tag-top-stories","29":"tag-topstories","30":"tag-ultimas","31":"tag-ultimas-noticias","32":"tag-ultimasnoticias"},"share_on_mastodon":{"url":"","error":""},"_links":{"self":[{"href":"https:\/\/www.europesays.com\/pt\/wp-json\/wp\/v2\/posts\/84719","targetHints":{"allow":["GET"]}}],"collection":[{"href":"https:\/\/www.europesays.com\/pt\/wp-json\/wp\/v2\/posts"}],"about":[{"href":"https:\/\/www.europesays.com\/pt\/wp-json\/wp\/v2\/types\/post"}],"author":[{"embeddable":true,"href":"https:\/\/www.europesays.com\/pt\/wp-json\/wp\/v2\/users\/2"}],"replies":[{"embeddable":true,"href":"https:\/\/www.europesays.com\/pt\/wp-json\/wp\/v2\/comments?post=84719"}],"version-history":[{"count":0,"href":"https:\/\/www.europesays.com\/pt\/wp-json\/wp\/v2\/posts\/84719\/revisions"}],"wp:featuredmedia":[{"embeddable":true,"href":"https:\/\/www.europesays.com\/pt\/wp-json\/wp\/v2\/media\/84720"}],"wp:attachment":[{"href":"https:\/\/www.europesays.com\/pt\/wp-json\/wp\/v2\/media?parent=84719"}],"wp:term":[{"taxonomy":"category","embeddable":true,"href":"https:\/\/www.europesays.com\/pt\/wp-json\/wp\/v2\/categories?post=84719"},{"taxonomy":"post_tag","embeddable":true,"href":"https:\/\/www.europesays.com\/pt\/wp-json\/wp\/v2\/tags?post=84719"}],"curies":[{"name":"wp","href":"https:\/\/api.w.org\/{rel}","templated":true}]}}