{"id":84814,"date":"2025-09-24T16:17:11","date_gmt":"2025-09-24T16:17:11","guid":{"rendered":"https:\/\/www.europesays.com\/pt\/84814\/"},"modified":"2025-09-24T16:17:11","modified_gmt":"2025-09-24T16:17:11","slug":"brasil-queda-de-aviao-mata-quatro-entre-eles-famoso-arquiteto-chines","status":"publish","type":"post","link":"https:\/\/www.europesays.com\/pt\/84814\/","title":{"rendered":"Brasil. Queda de avi\u00e3o mata quatro, entre eles famoso arquiteto chin\u00eas"},"content":{"rendered":"<p>A queda de uma avioneta, na noite desta ter\u00e7a-feira, em Aquidauana, no Mato Grosso do Sul, Brasil, fez quatro v\u00edtimas mortais, entre elas um dos maiores arquitetos do mundo e cineastas brasileiros.<\/p>\n<p>A bordo do aparelho seguiam Kongjian Yu, um famoso arquiteto de nacionalidade chinesa, Luiz Fernando Feres da Cunha Ferraz e Rubens Crispim Jr., cineastas; e Marcelo Pereira de Barros, piloto e propriet\u00e1rio da aeronave.<\/p>\n<p>Segundo fonte dos bombeiros, a queda deu-se quando a aeronave tentava pousar na fazenda Barra Mansa, no Pantanal.\u00a0<\/p>\n<p>Segundo o Correio Braziliense, o aparelho explodiu aquando da queda, tendo os tripulantes tido morte imediata. Os corpos ficaram carbonizados, refere a mesma publica\u00e7\u00e3o.<\/p>\n<p>A aeronave era um aparelho particular que pertencia ao piloto e foi fabricada em 1958.<\/p>\n<p>As causas do acidente ainda est\u00e3o a ser investigadas.<\/p>\n<p>Segundo relataram amigos de uma das v\u00edtimas ao G1, os tr\u00eas estavam a gravar um document\u00e1rio sobre as &#8220;cidades-esponja&#8221;, conceito criado pelo arquiteto chin\u00eas.<\/p>\n<p>Mensagem de pesar pela morte de arquiteto<\/p>\n<p>O Conselho de Arquitetura e Urbanismo do Brasil (CAU\/BR) publicou uma nota de pesar, na manh\u00e3 desta quarta-feira, pela morte do arquiteto e urbanista chin\u00eas Kongjian Yu, a quem se refere como uma refer\u00eancia mundial em arquitetura da paisagem e planeamento urbano ecol\u00f3gico.<\/p>\n<p>&#8220;Deixa um legado de compromisso com a sustentabilidade, a paisagem e a vida urbana&#8221;, salientou a institui\u00e7\u00e3o<\/p>\n<p>Leia Tamb\u00e9m: <a href=\"https:\/\/www.noticiasaominuto.com\/mundo\/2858760\/tres-pessoas-alvejadas-em-centro-de-detencao-de-imigrantes-em-dallas\" target=\"_blank\" rel=\"noopener noreferrer nofollow\">Tr\u00eas pessoas alvejadas em centro de deten\u00e7\u00e3o de imigrantes em Dallas<\/a><\/p>\n","protected":false},"excerpt":{"rendered":"A queda de uma avioneta, na noite desta ter\u00e7a-feira, em Aquidauana, no Mato Grosso do Sul, Brasil, fez&hellip;\n","protected":false},"author":2,"featured_media":84815,"comment_status":"","ping_status":"","sticky":false,"template":"","format":"standard","meta":{"footnotes":""},"categories":[50],"tags":[27,28,15,16,14,25,26,21,22,62,12,13,19,20,23,24,17,18,29,30,31,63,64,65],"class_list":{"0":"post-84814","1":"post","2":"type-post","3":"status-publish","4":"format-standard","5":"has-post-thumbnail","7":"category-mundo","8":"tag-breaking-news","9":"tag-breakingnews","10":"tag-featured-news","11":"tag-featurednews","12":"tag-headlines","13":"tag-latest-news","14":"tag-latestnews","15":"tag-main-news","16":"tag-mainnews","17":"tag-mundo","18":"tag-news","19":"tag-noticias","20":"tag-noticias-principais","21":"tag-noticiasprincipais","22":"tag-principais-noticias","23":"tag-principaisnoticias","24":"tag-top-stories","25":"tag-topstories","26":"tag-ultimas","27":"tag-ultimas-noticias","28":"tag-ultimasnoticias","29":"tag-world","30":"tag-world-news","31":"tag-worldnews"},"share_on_mastodon":{"url":"","error":""},"_links":{"self":[{"href":"https:\/\/www.europesays.com\/pt\/wp-json\/wp\/v2\/posts\/84814","targetHints":{"allow":["GET"]}}],"collection":[{"href":"https:\/\/www.europesays.com\/pt\/wp-json\/wp\/v2\/posts"}],"about":[{"href":"https:\/\/www.europesays.com\/pt\/wp-json\/wp\/v2\/types\/post"}],"author":[{"embeddable":true,"href":"https:\/\/www.europesays.com\/pt\/wp-json\/wp\/v2\/users\/2"}],"replies":[{"embeddable":true,"href":"https:\/\/www.europesays.com\/pt\/wp-json\/wp\/v2\/comments?post=84814"}],"version-history":[{"count":0,"href":"https:\/\/www.europesays.com\/pt\/wp-json\/wp\/v2\/posts\/84814\/revisions"}],"wp:featuredmedia":[{"embeddable":true,"href":"https:\/\/www.europesays.com\/pt\/wp-json\/wp\/v2\/media\/84815"}],"wp:attachment":[{"href":"https:\/\/www.europesays.com\/pt\/wp-json\/wp\/v2\/media?parent=84814"}],"wp:term":[{"taxonomy":"category","embeddable":true,"href":"https:\/\/www.europesays.com\/pt\/wp-json\/wp\/v2\/categories?post=84814"},{"taxonomy":"post_tag","embeddable":true,"href":"https:\/\/www.europesays.com\/pt\/wp-json\/wp\/v2\/tags?post=84814"}],"curies":[{"name":"wp","href":"https:\/\/api.w.org\/{rel}","templated":true}]}}