{"id":84912,"date":"2025-09-24T17:23:06","date_gmt":"2025-09-24T17:23:06","guid":{"rendered":"https:\/\/www.europesays.com\/pt\/84912\/"},"modified":"2025-09-24T17:23:06","modified_gmt":"2025-09-24T17:23:06","slug":"media-de-15-valores-vale-entrada-de-joao-simoes-na-faculdade","status":"publish","type":"post","link":"https:\/\/www.europesays.com\/pt\/84912\/","title":{"rendered":"M\u00e9dia de 15 valores vale entrada de Jo\u00e3o Sim\u00f5es na faculdade"},"content":{"rendered":"<p>Setembro \u00e9 altura de mudan\u00e7as para muitos jovens em Portugal que seguem o percurso acad\u00e9mico para a universidade.<\/p>\n<p>Entre os cerca de 53 mil colocados somando as duas fases, h\u00e1 pelo menos um nome conhecido dos sportinguistas: Jo\u00e3o Sim\u00f5es.<\/p>\n<p>Com uma m\u00e9dia de\u00a015,07 valores, o m\u00e9dio de 18 anos foi admitido no curso de Reabilita\u00e7\u00e3o Psicomotora da Faculdade de Motricidade Humana, na Universidade de Lisboa.<\/p>\n<p>O m\u00e9dio n\u00e3o escondeu o nervosismo do primeiro dia de aulas, num semestre em que vai apenas frequentar uma cadeira.<\/p>\n<p>\u00abMuito pior do que antes de um jogo. Prefiro no campo, \u00e9 a minha praia\u00bb, disse aos meios da Sporting TV.<\/p>\n<p>Jo\u00e3o Sim\u00f5es fez ainda quest\u00e3o de recordar a import\u00e2ncia da escola no seu percurso enquanto jogador, algo que lhe foi incutido desde cedo, especialmente pela m\u00e3e.<\/p>\n<p>\u00abQuando vim para c\u00e1, a minha m\u00e3e disse-me: &#8216;\u00e0 primeira negativa, independentemente de estar no Sporting, voltas para casa.&#8217; Sempre me foi incutido que a escola \u00e9 fundamental\u00bb, afirmou.<\/p>\n<p>\u00abNunca se esque\u00e7am da escola. D\u00e1-nos outras ferramentas que s\u00e3o importantes tamb\u00e9m para o sucesso no futebol. \u00c9 bom ter o desporto e conseguir viver disso, mas para j\u00e1, infelizmente, nem todos chegam l\u00e1. Sabemos da dificuldade em ser jogador de futebol, \u00e9 uma percentagem muito pequena, mas mesmo assim \u00e9 preciso ter um plano para depois ou caso algo aconte\u00e7a durante a carreira, porque tamb\u00e9m \u00e9 curta\u00bb, refletiu o m\u00e9dio de 18 anos.<\/p>\n<p data-end=\"3194\" data-start=\"2938\">\u00abN\u00e3o podia pedir algo melhor do que tudo isto\u00bb, resumiu o canhoto, que encara este novo desafio como encara cada jogo.<\/p>\n<p data-end=\"3194\" data-start=\"2938\">\u00abTenho de ter vontade de aprender. Hoje estou c\u00e1, para a semana n\u00e3o sei, devido \u00e0 Champions. \u00c9 aproveitar ao m\u00e1ximo o tempo que tenho\u00bb, concluiu.<\/p>\n<p>De recordar, Jo\u00e3o Sim\u00f5es\u00a0chegou ao Sporting com apenas 11 anos e estreou-se na \u00faltima temporada, acabando por se sagrar campe\u00e3o nacional. Recentemente, <a href=\"https:\/\/maisfutebol.iol.pt\/sporting\/joao-simoes\/oficial-joao-simoes-renova-pelo-sporting\" target=\"_blank\" rel=\"nofollow noopener\">renovou contrato com os le\u00f5es at\u00e9 2030<\/a>.<\/p>\n<p>J\u00e1 segue o\u00a0<strong><a href=\"http:\/\/whatsapp.com\/channel\/0029Va9lGKPGOj9nW79Pd117\" title=\"http:\/\/whatsapp.com\/channel\/0029Va9lGKPGOj9nW79Pd117\" wbo-id=\"177\" rel=\"nofollow noopener\" target=\"_blank\">canal de Whatsapp do Maisfutebol<\/a>?<\/strong><\/p>\n","protected":false},"excerpt":{"rendered":"Setembro \u00e9 altura de mudan\u00e7as para muitos jovens em Portugal que seguem o percurso acad\u00e9mico para a universidade.&hellip;\n","protected":false},"author":2,"featured_media":84913,"comment_status":"","ping_status":"","sticky":false,"template":"","format":"standard","meta":{"footnotes":""},"categories":[87],"tags":[135,21553,21554,46,32,33,47,34,134,14200],"class_list":{"0":"post-84912","1":"post","2":"type-post","3":"status-publish","4":"format-standard","5":"has-post-thumbnail","7":"category-desporto","8":"tag-desporto","9":"tag-faculdade-de-motricidade-humana","10":"tag-joao-simoes","11":"tag-maisfutebol","12":"tag-portugal","13":"tag-pt","14":"tag-pura-paixao","15":"tag-sporting","16":"tag-sports","17":"tag-universidade-de-lisboa"},"share_on_mastodon":{"url":"","error":""},"_links":{"self":[{"href":"https:\/\/www.europesays.com\/pt\/wp-json\/wp\/v2\/posts\/84912","targetHints":{"allow":["GET"]}}],"collection":[{"href":"https:\/\/www.europesays.com\/pt\/wp-json\/wp\/v2\/posts"}],"about":[{"href":"https:\/\/www.europesays.com\/pt\/wp-json\/wp\/v2\/types\/post"}],"author":[{"embeddable":true,"href":"https:\/\/www.europesays.com\/pt\/wp-json\/wp\/v2\/users\/2"}],"replies":[{"embeddable":true,"href":"https:\/\/www.europesays.com\/pt\/wp-json\/wp\/v2\/comments?post=84912"}],"version-history":[{"count":0,"href":"https:\/\/www.europesays.com\/pt\/wp-json\/wp\/v2\/posts\/84912\/revisions"}],"wp:featuredmedia":[{"embeddable":true,"href":"https:\/\/www.europesays.com\/pt\/wp-json\/wp\/v2\/media\/84913"}],"wp:attachment":[{"href":"https:\/\/www.europesays.com\/pt\/wp-json\/wp\/v2\/media?parent=84912"}],"wp:term":[{"taxonomy":"category","embeddable":true,"href":"https:\/\/www.europesays.com\/pt\/wp-json\/wp\/v2\/categories?post=84912"},{"taxonomy":"post_tag","embeddable":true,"href":"https:\/\/www.europesays.com\/pt\/wp-json\/wp\/v2\/tags?post=84912"}],"curies":[{"name":"wp","href":"https:\/\/api.w.org\/{rel}","templated":true}]}}