{"id":84916,"date":"2025-09-24T17:25:30","date_gmt":"2025-09-24T17:25:30","guid":{"rendered":"https:\/\/www.europesays.com\/pt\/84916\/"},"modified":"2025-09-24T17:25:30","modified_gmt":"2025-09-24T17:25:30","slug":"claudia-nayara-esteve-gravida-nao-me-parece-nao-da-a-bota-com-a-perdigota-diz-zulmira-garrido","status":"publish","type":"post","link":"https:\/\/www.europesays.com\/pt\/84916\/","title":{"rendered":"Cl\u00e1udia Nayara esteve gr\u00e1vida? &#8220;N\u00e3o me parece. N\u00e3o d\u00e1 a bota com a perdigota&#8221;, diz Zulmira Garrido"},"content":{"rendered":"<p>Zulmira Garrido decidiu pegar num tema delicado durante a sua interven\u00e7\u00e3o: a alegada gravidez de Cl\u00e1udia Nayara.<\/p>\n<p>\u201cVou continuar com um tema que \u00e9 um bocadinho mais\u2026 que \u00e9 um pouco triste e grave. Isto nem \u00e9 triste, n\u00e3o \u00e9 bem a palavra que se pode utilizar, \u00e9 grave. A gravidez de <strong>Cl\u00e1udia Maiara<\/strong>\u201d, come\u00e7ou por contextualizar.<\/p>\n<p>Leia tamb\u00e9m: <strong><a class=\"post-title the-subtitle\" href=\"https:\/\/dioguinho.com\/soundcheck-ou-fake-check-a-novela-da-gravidez-de-claudia-nayara-com-os-agentes-irritados-no-v-fama\/\" rel=\"nofollow noopener\" target=\"_blank\">Soundcheck ou fake check? A novela da gravidez de Cl\u00e1udia Nayara com os agentes irritados no V+ Fama<\/a><\/strong><\/p>\n<p>A comentadora do Passadeira Vermelha, fez quest\u00e3o de sublinhar que toda a an\u00e1lise estava a ser feita <strong>\u201cna base do alegadamente\u201d,<\/strong> frisando que n\u00e3o existem certezas absolutas neste caso. Ainda assim, deixou claro que a cronologia dos acontecimentos, feira maioritariamente pelo Pedro Capit\u00e3o no V+ Fama, n\u00e3o lhe parece convincente.<\/p>\n<p><strong>\u201cSe formos atentos e se fizermos a cronologia de todos os acontecimentos, Cl\u00e1udia diz que abortou, foi o segundo aborto espont\u00e2neo que ela teve. E n\u00e3o me parece, isto \u00e9 uma novela que tem muito para contar, e que n\u00e3o me parece que a Cl\u00e1udia esteja a dizer a verdade, alegadamente, claro. Mas vamos tirar tudo a limpo, que \u00e9 isso que estamos a fazer\u201d<\/strong>, atirou.<\/p>\n<p>A comentadora refor\u00e7ou que, olhando para as datas e vers\u00f5es apresentadas, h\u00e1 contradi\u00e7\u00f5es que n\u00e3o passam despercebidas, <strong>\u201cDe facto, n\u00e3o d\u00e1, vou aqui utilizar um ditado bem portugu\u00eas, n\u00e3o d\u00e1 a bota com a perdigota, se formos analisar os tempos em que ela diz que tudo aconteceu. H\u00e1 muita controv\u00e9rsia, h\u00e1 muita coisa que n\u00e3o \u00e9 certo, portanto algo aqui est\u00e1 a ser mal contado.\u201d<\/strong><\/p>\n<p>Zulmira deixou ainda uma promessa de novos desenvolvimentos: <strong>\u201cNa pr\u00f3xima semana terei mais novidades, com certeza.\u201d\u00a0<\/strong><\/p>\n<blockquote class=\"instagram-media\" style=\"background: #FFF; border: 0; border-radius: 3px; box-shadow: 0 0 1px 0 rgba(0,0,0,0.5),0 1px 10px 0 rgba(0,0,0,0.15); margin: 1px; max-width: 540px; min-width: 326px; padding: 0; width: calc(100% - 2px);\" data-instgrm-captioned=\"\" data-instgrm-permalink=\"https:\/\/www.instagram.com\/reel\/DO6l67YCLaT\/?utm_source=ig_embed&amp;utm_campaign=loading\" data-instgrm-version=\"14\"\/>\n<blockquote class=\"wp-embedded-content\" data-secret=\"3r4KJ6WNM3\">\n<p><a href=\"https:\/\/dioguinho.com\/claudia-nayara-inventou-aborto-grande-analise-no-v-fama-por-pedro-capitao-ha-muitas-pontas-soltas\/\" rel=\"nofollow noopener\" target=\"_blank\">Cl\u00e1udia Nayara inventou aborto? Grande an\u00e1lise no V+ Fama por Pedro Capit\u00e3o: \u201ch\u00e1 muitas pontas soltas\u201d<\/a><\/p>\n<\/blockquote>\n<p><script async src=\"\/\/www.instagram.com\/embed.js\"><\/script><\/p>\n","protected":false},"excerpt":{"rendered":"Zulmira Garrido decidiu pegar num tema delicado durante a sua interven\u00e7\u00e3o: a alegada gravidez de Cl\u00e1udia Nayara. \u201cVou&hellip;\n","protected":false},"author":2,"featured_media":84917,"comment_status":"","ping_status":"","sticky":false,"template":"","format":"standard","meta":{"footnotes":""},"categories":[85],"tags":[16414,114,115,21555,32,33,21556],"class_list":{"0":"post-84916","1":"post","2":"type-post","3":"status-publish","4":"format-standard","5":"has-post-thumbnail","7":"category-entretenimento","8":"tag-clu00e1udia-nayara","9":"tag-entertainment","10":"tag-entretenimento","11":"tag-pedro-capitu00e3o","12":"tag-portugal","13":"tag-pt","14":"tag-zulmira-garrido"},"share_on_mastodon":{"url":"","error":""},"_links":{"self":[{"href":"https:\/\/www.europesays.com\/pt\/wp-json\/wp\/v2\/posts\/84916","targetHints":{"allow":["GET"]}}],"collection":[{"href":"https:\/\/www.europesays.com\/pt\/wp-json\/wp\/v2\/posts"}],"about":[{"href":"https:\/\/www.europesays.com\/pt\/wp-json\/wp\/v2\/types\/post"}],"author":[{"embeddable":true,"href":"https:\/\/www.europesays.com\/pt\/wp-json\/wp\/v2\/users\/2"}],"replies":[{"embeddable":true,"href":"https:\/\/www.europesays.com\/pt\/wp-json\/wp\/v2\/comments?post=84916"}],"version-history":[{"count":0,"href":"https:\/\/www.europesays.com\/pt\/wp-json\/wp\/v2\/posts\/84916\/revisions"}],"wp:featuredmedia":[{"embeddable":true,"href":"https:\/\/www.europesays.com\/pt\/wp-json\/wp\/v2\/media\/84917"}],"wp:attachment":[{"href":"https:\/\/www.europesays.com\/pt\/wp-json\/wp\/v2\/media?parent=84916"}],"wp:term":[{"taxonomy":"category","embeddable":true,"href":"https:\/\/www.europesays.com\/pt\/wp-json\/wp\/v2\/categories?post=84916"},{"taxonomy":"post_tag","embeddable":true,"href":"https:\/\/www.europesays.com\/pt\/wp-json\/wp\/v2\/tags?post=84916"}],"curies":[{"name":"wp","href":"https:\/\/api.w.org\/{rel}","templated":true}]}}