{"id":84924,"date":"2025-09-24T17:32:07","date_gmt":"2025-09-24T17:32:07","guid":{"rendered":"https:\/\/www.europesays.com\/pt\/84924\/"},"modified":"2025-09-24T17:32:07","modified_gmt":"2025-09-24T17:32:07","slug":"em-valongo-uma-casa-virada-ao-contrario-fotogaleria","status":"publish","type":"post","link":"https:\/\/www.europesays.com\/pt\/84924\/","title":{"rendered":"Em Valongo, uma casa virada ao contr\u00e1rio | Fotogaleria"},"content":{"rendered":"<p>Em Valongo, na \u00e1rea metropolitana do Porto, uma casa antiga ganhou nova vida sem precisar de qualquer transmuta\u00e7\u00e3o \u2013 excluindo o facto de estar virada ao contr\u00e1rio. Os arquitectos Jo\u00e3o Paup\u00e9rio e Maria Rebelo, do <a href=\"https:\/\/www.atelierlocal.pt\" target=\"_blank\" rel=\"nofollow noopener\">atelier Local<\/a>, depararam-se com uma constru\u00e7\u00e3o que era \u201cuma folha em branco\u201d, conforme explica o arquitecto. \u201cExistia apenas a estrutura de pedra das paredes da casa e a estrutura de madeira do piso e do telhado. A casa tinha dois pisos completamente vazios.\u201d<\/p>\n<p>O arquitecto conhece bem o cliente que lhe apresentou a proposta: \u00e9 o irm\u00e3o, que adquiriu a propriedade sem ter uma ideia concreta acerca do prop\u00f3sito que lhe daria, tendo at\u00e9 considerado vend\u00ea-la. Por fim, decidiu torn\u00e1-la numa habita\u00e7\u00e3o pr\u00f3pria, e confiou a tarefa a Jo\u00e3o.<\/p>\n<p>\u00a0A casa foi baptizada pela dupla de arquitectos como Valongo VII. Tem uma \u00e1rea de apenas 70 metros quadrados, mas foi redesenhada de modo a proporcionar a sensa\u00e7\u00e3o de ser espa\u00e7osa. A localiza\u00e7\u00e3o da casa foi aquilo que inspirou Jo\u00e3o Paup\u00e9rio e Maria Rebelo a planear o layout interior de uma forma pouco convencional: esta situa-se na encosta de um vale, e tem duas cotas de jardim na parte de tr\u00e1s do logradouro. \u201cPara tirar maior proveito da vista, e da rela\u00e7\u00e3o com a cota mais alta do jardim na parte exterior da casa, opt\u00e1mos por inverter a casa, ou seja, ter os espa\u00e7os mais p\u00fablicos, a sala e a cozinha, no piso superior, e os quartos em baixo.\u201d<\/p>\n<p>O projecto, que teve uma dura\u00e7\u00e3o de dois anos (de 2023 a 2025), foi executado com vista a evitar ao m\u00e1ximo a constru\u00e7\u00e3o ou a extens\u00e3o, tentando fazer uso das estruturas existentes. \u201cEssa escolha parece-nos mais ou menos inevit\u00e1vel, tanto por quest\u00f5es ecol\u00f3gicas, como por quest\u00f5es econ\u00f3micas\u201d, explica Jo\u00e3o Paup\u00e9rio. \u201cAl\u00e9m disso, o atelier tem a filosofia de que aquilo que j\u00e1 existe tem valor por j\u00e1 existir, independentemente de possuir valor hist\u00f3rico ou simb\u00f3lico, e, por isso, merece ser aproveitado.\u201d<\/p>\n<p>A mudan\u00e7a mais relevante ocorreu na parte exterior. O jardim desenvolve-se em duas cotas diferentes, uma no r\u00e9s-do-ch\u00e3o e outra superior, que era utilizada para o cultivo agr\u00edcola. Esta \u00faltima n\u00e3o possu\u00eda acessos directos a partir da casa, pelo que se tornou importante articular os espa\u00e7os: \u201cConstru\u00edmos uma esp\u00e9cie de terra\u00e7o com uma ponte, que permite estabelecer essa rela\u00e7\u00e3o. Foi a \u00fanica coisa que adicion\u00e1mos \u00e0 casa\u201d, descreve o arquitecto.<\/p>\n<p>A fachada foi forrada a corti\u00e7a, e foi adicionada uma parede espelhada que reflecte o jardim projectado, em colabora\u00e7\u00e3o com o <a href=\"https:\/\/www.instagram.com\/pomolandscapes\/\" target=\"_blank\" rel=\"nofollow noopener\">atelier\u00a0Pomo<\/a>. Ali\u00e1s, em toda a habita\u00e7\u00e3o se fez uso de superf\u00edcies espelhadas, para fazer com que a casa pare\u00e7a maior do que \u00e9 realmente: outro exemplo pode ser observado no andar inferior da casa, onde a porta da casa de banho reflecte os detalhes vermelhos das paredes brancas do hall de entrada.<\/p>\n<p>O projecto base \u201cfoi constru\u00eddo conforme foi imaginado\u201d, mas deixaram-se op\u00e7\u00f5es em aberto, que foram resolvidas em obra. Por exemplo, no caso do tecto em formato de tenda, os arquitectos aperceberam-se, durante a execu\u00e7\u00e3o, de que o pladur possu\u00eda bastante flexibilidade, e assim surgiu a ideia.\u00a0<\/p>\n<p>A casa constr\u00f3i-se a partir de pequenos detalhes como este. \u201cDiria que uma coisa que faz muita diferen\u00e7a foi o facto de termos integrado a estrutura de madeira existente na casa para dar car\u00e1cter aos espa\u00e7os\u201d.\u00a0<\/p>\n<p>Assim, com um projecto de execu\u00e7\u00e3o m\u00ednimo e pragm\u00e1tico, os arquitectos transformaram esta resid\u00eancia invulgar numa esp\u00e9cie de \u201ccabana para viver na cidade, pensada como uma casa de f\u00e9rias para viver o ano inteiro\u201d.<\/p>\n<p>\t\t\t\t<script async src=\"\/\/www.instagram.com\/embed.js\"><\/script><\/p>\n","protected":false},"excerpt":{"rendered":"Em Valongo, na \u00e1rea metropolitana do Porto, uma casa antiga ganhou nova vida sem precisar de qualquer transmuta\u00e7\u00e3o&hellip;\n","protected":false},"author":2,"featured_media":84925,"comment_status":"","ping_status":"","sticky":false,"template":"","format":"standard","meta":{"footnotes":""},"categories":[144],"tags":[207,205,206,203,201,202,204,114,115,32,33],"class_list":{"0":"post-84924","1":"post","2":"type-post","3":"status-publish","4":"format-standard","5":"has-post-thumbnail","7":"category-arte-e-design","8":"tag-arte","9":"tag-arte-e-design","10":"tag-artedesign","11":"tag-arts","12":"tag-arts-and-design","13":"tag-artsanddesign","14":"tag-design","15":"tag-entertainment","16":"tag-entretenimento","17":"tag-portugal","18":"tag-pt"},"share_on_mastodon":{"url":"","error":""},"_links":{"self":[{"href":"https:\/\/www.europesays.com\/pt\/wp-json\/wp\/v2\/posts\/84924","targetHints":{"allow":["GET"]}}],"collection":[{"href":"https:\/\/www.europesays.com\/pt\/wp-json\/wp\/v2\/posts"}],"about":[{"href":"https:\/\/www.europesays.com\/pt\/wp-json\/wp\/v2\/types\/post"}],"author":[{"embeddable":true,"href":"https:\/\/www.europesays.com\/pt\/wp-json\/wp\/v2\/users\/2"}],"replies":[{"embeddable":true,"href":"https:\/\/www.europesays.com\/pt\/wp-json\/wp\/v2\/comments?post=84924"}],"version-history":[{"count":0,"href":"https:\/\/www.europesays.com\/pt\/wp-json\/wp\/v2\/posts\/84924\/revisions"}],"wp:featuredmedia":[{"embeddable":true,"href":"https:\/\/www.europesays.com\/pt\/wp-json\/wp\/v2\/media\/84925"}],"wp:attachment":[{"href":"https:\/\/www.europesays.com\/pt\/wp-json\/wp\/v2\/media?parent=84924"}],"wp:term":[{"taxonomy":"category","embeddable":true,"href":"https:\/\/www.europesays.com\/pt\/wp-json\/wp\/v2\/categories?post=84924"},{"taxonomy":"post_tag","embeddable":true,"href":"https:\/\/www.europesays.com\/pt\/wp-json\/wp\/v2\/tags?post=84924"}],"curies":[{"name":"wp","href":"https:\/\/api.w.org\/{rel}","templated":true}]}}