{"id":8493,"date":"2025-07-30T13:33:14","date_gmt":"2025-07-30T13:33:14","guid":{"rendered":"https:\/\/www.europesays.com\/pt\/8493\/"},"modified":"2025-07-30T13:33:14","modified_gmt":"2025-07-30T13:33:14","slug":"o-papa-bulimia-de-ligacoes-nas-redes-sociais-comunicar-com-honestidade-e-prudencia","status":"publish","type":"post","link":"https:\/\/www.europesays.com\/pt\/8493\/","title":{"rendered":"O Papa: \u201cbulimia\u201d de liga\u00e7\u00f5es nas redes sociais, comunicar com honestidade e prud\u00eancia"},"content":{"rendered":"<p>Le\u00e3o XIV sublinhou, em sua catequese, que diante de uma sociedade inundada por &#8220;m\u00faltiplas mensagens&#8221;, &#8220;podemos sentir vontade de desligar tudo. Podemos at\u00e9 preferir n\u00e3o ouvir nada&#8221;, mas Jesus convida a nos abrir a este mundo que nos assusta, \u00e0s rela\u00e7\u00f5es que nos desiludiram, pois &#8220;fechar-se nunca \u00e9 uma solu\u00e7\u00e3o&#8221;. Que o Senhor &#8220;cure a nossa forma de comunicar&#8221; em &#8220;nosso mundo impregnado por um clima de viol\u00eancia e \u00f3dio que mortifica a dignidade humana&#8221;. <\/p>\n<p><b>Mariangela Jaguraba \u2013 Vatican News<\/b><\/p>\n<p>O Papa Le\u00e3o XIV retomou as Audi\u00eancias Gerais, nesta quarta-feira (30\/07), ap\u00f3s as f\u00e9rias de ver\u00e3o em que o Pont\u00edfice passou alguns dias de descanso em Castel Gandolfo e em meio ao Jubileu dos Jovens em andamento.<\/p>\n<p>&#8220;Com esta catequese conclu\u00edmos o nosso percurso sobre a vida p\u00fablica de Jesus, feita de encontros, par\u00e1bolas e curas&#8221;, disse o Papa no in\u00edcio de sua catequese proferida aos fi\u00e9is presentes na Pra\u00e7a S\u00e3o Pedro.<\/p>\n<p>Imagens por vezes falsas ou distorcidas <\/p>\n<p>De acordo com o Papa, &#8220;este tempo em que vivemos tamb\u00e9m exige cura. <b>O nosso mundo est\u00e1 impregnado por um clima de viol\u00eancia e \u00f3dio que mortifica a dignidade humana<\/b>&#8220;.<\/p>\n<blockquote>\n<p>\u201cVivemos numa sociedade que est\u00e1 adoecendo com uma \u201cbulimia\u201d de liga\u00e7\u00f5es nas redes sociais: estamos hiperconectados, bombardeados por imagens, por vezes at\u00e9 falsas ou distorcidas. Somos inundados por m\u00faltiplas mensagens que despertam em n\u00f3s uma tempestade de emo\u00e7\u00f5es contradit\u00f3rias.\u201d<\/p>\n<\/blockquote>\n<p>&#8220;Neste cen\u00e1rio, podemos sentir vontade de desligar tudo. Podemos at\u00e9 preferir n\u00e3o ouvir nada&#8221;, ressaltou o Pont\u00edfice. Segundo ele, &#8220;at\u00e9 as nossas palavras correm o risco de serem mal interpretadas, e podemos ser tentados a isolar-nos no sil\u00eancio, a uma falta de comunica\u00e7\u00e3o onde, por mais pr\u00f3ximos que estejamos, j\u00e1 n\u00e3o conseguimos expressar as coisas mais simples e profundas&#8221;.<\/p>\n<p>Fechar-se nunca \u00e9 uma solu\u00e7\u00e3o <\/p>\n<p>A seguir, o Papa concentrou-se num texto do Evangelho de Marcos que nos apresenta um homem que n\u00e3o fala nem ouve. &#8220;N\u00e3o \u00e9 ele que vai ter com Jesus para ser curado, mas \u00e9 levado por outras pessoas&#8221;, disse ainda o Pont\u00edfice, sublinhando que &#8220;a comunidade crist\u00e3 viu nessas pessoas a imagem da Igreja, que acompanha cada homem a Jesus para que Ele ou\u00e7a a sua palavra&#8221;.<\/p>\n<p>&#8220;Jesus oferece-lhe, antes de tudo, uma proximidade silenciosa, atrav\u00e9s de gestos que falam de um encontro profundo: toca os ouvidos e a l\u00edngua deste homem. Jesus n\u00e3o usa muitas palavras; diz a \u00fanica coisa de que precisa naquele momento: \u201cAbre-te!\u201d. Marcos relata a palavra em aramaico, \u00e9feta, quase para nos fazer ouvir o seu som e a sua respira\u00e7\u00e3o como se fosse \u201cviver\u201d&#8221;, disse Le\u00e3o XIV, acrescentando:<\/p>\n<blockquote>\n<p>\u201cEsta palavra simples e bela cont\u00e9m o convite que Jesus dirige a este homem que deixou de ouvir e falar. \u00c9 como se Jesus lhe dissesse: \u201cAbre-te a este mundo que te assusta! Abre-te \u00e0s rela\u00e7\u00f5es que te desiludiram! Abre-te \u00e0 vida que desististe de enfrentar!\u201d. De fato, fechar-se nunca \u00e9 uma solu\u00e7\u00e3o.\u201d<\/p>\n<\/blockquote>\n<p>Curar a forma de comunicar <\/p>\n<p>&#8220;Ap\u00f3s o encontro com Jesus, essa pessoa n\u00e3o s\u00f3 volta a falar, como o faz \u201cperfeitamente\u201d. Este adv\u00e9rbio inserido pelo evangelista parece dizer-nos algo mais sobre os motivos do seu sil\u00eancio. Talvez este homem tenha parado de falar porque sentiu que estava a dizer as coisas de forma incorreta, talvez se sentisse inadequado&#8221;, frisou o Papa.<\/p>\n<blockquote>\n<p>\u201cTodos n\u00f3s passamos pela experi\u00eancia de sermos incompreendidos e n\u00e3o nos sentirmos bem compreendidos. Todos n\u00f3s precisamos pedir ao Senhor que cure a nossa forma de comunicar, n\u00e3o s\u00f3 para sermos mais eficazes, mas tamb\u00e9m para evitarmos magoar os outros com as nossas palavras.\u201d<\/p>\n<\/blockquote>\n<p>&#8220;Voltar a falar perfeitamente \u00e9 o in\u00edcio de uma viagem, mas n\u00e3o ainda o fim. De fato, Jesus pro\u00edbe aquele homem de contar o que lhe aconteceu. Para conhecermos verdadeiramente Jesus, precisamos caminhar, estar com Ele e tamb\u00e9m viver a Sua Paix\u00e3o. Quando o tivermos visto humilhado e em sofrimento, quando tivermos experimentado o poder salvador da Sua Cruz, ent\u00e3o poderemos dizer que o conhecemos verdadeiramente. N\u00e3o h\u00e1 atalhos para nos tornarmos disc\u00edpulos de Jesus&#8221;, disse ainda Le\u00e3o XIV.<\/p>\n<p>Comunicar com honestidade e prud\u00eancia <\/p>\n<p>&#8220;Queridos irm\u00e3os e irm\u00e3s, pe\u00e7amos ao Senhor que nos ensine a comunicar com honestidade e prud\u00eancia. Rezemos por todos aqueles que foram magoados pelas palavras dos outros. Rezemos pela Igreja, para que nunca descure a sua tarefa de levar as pessoas a Jesus, para que ou\u00e7am a Sua Palavra, sejam curadas por ela e, por sua vez, se tornem portadoras da sua mensagem de salva\u00e7\u00e3o&#8221;, concluiu o Papa.<\/p>\n","protected":false},"excerpt":{"rendered":"Le\u00e3o XIV sublinhou, em sua catequese, que diante de uma sociedade inundada por &#8220;m\u00faltiplas mensagens&#8221;, &#8220;podemos sentir vontade&hellip;\n","protected":false},"author":2,"featured_media":8494,"comment_status":"","ping_status":"","sticky":false,"template":"","format":"standard","meta":{"footnotes":""},"categories":[50],"tags":[1330,3991,27,28,3993,15,16,14,2510,3992,25,26,21,22,62,12,13,19,20,811,23,24,17,18,29,30,31,63,64,65],"class_list":{"0":"post-8493","1":"post","2":"type-post","3":"status-publish","4":"format-standard","5":"has-post-thumbnail","7":"category-mundo","8":"tag-jubileu2025","9":"tag-audiencia-geral","10":"tag-breaking-news","11":"tag-breakingnews","12":"tag-catequese","13":"tag-featured-news","14":"tag-featurednews","15":"tag-headlines","16":"tag-jesus","17":"tag-jubileu","18":"tag-latest-news","19":"tag-latestnews","20":"tag-main-news","21":"tag-mainnews","22":"tag-mundo","23":"tag-news","24":"tag-noticias","25":"tag-noticias-principais","26":"tag-noticiasprincipais","27":"tag-papa-leao-xiv","28":"tag-principais-noticias","29":"tag-principaisnoticias","30":"tag-top-stories","31":"tag-topstories","32":"tag-ultimas","33":"tag-ultimas-noticias","34":"tag-ultimasnoticias","35":"tag-world","36":"tag-world-news","37":"tag-worldnews"},"share_on_mastodon":{"url":"","error":""},"_links":{"self":[{"href":"https:\/\/www.europesays.com\/pt\/wp-json\/wp\/v2\/posts\/8493","targetHints":{"allow":["GET"]}}],"collection":[{"href":"https:\/\/www.europesays.com\/pt\/wp-json\/wp\/v2\/posts"}],"about":[{"href":"https:\/\/www.europesays.com\/pt\/wp-json\/wp\/v2\/types\/post"}],"author":[{"embeddable":true,"href":"https:\/\/www.europesays.com\/pt\/wp-json\/wp\/v2\/users\/2"}],"replies":[{"embeddable":true,"href":"https:\/\/www.europesays.com\/pt\/wp-json\/wp\/v2\/comments?post=8493"}],"version-history":[{"count":0,"href":"https:\/\/www.europesays.com\/pt\/wp-json\/wp\/v2\/posts\/8493\/revisions"}],"wp:featuredmedia":[{"embeddable":true,"href":"https:\/\/www.europesays.com\/pt\/wp-json\/wp\/v2\/media\/8494"}],"wp:attachment":[{"href":"https:\/\/www.europesays.com\/pt\/wp-json\/wp\/v2\/media?parent=8493"}],"wp:term":[{"taxonomy":"category","embeddable":true,"href":"https:\/\/www.europesays.com\/pt\/wp-json\/wp\/v2\/categories?post=8493"},{"taxonomy":"post_tag","embeddable":true,"href":"https:\/\/www.europesays.com\/pt\/wp-json\/wp\/v2\/tags?post=8493"}],"curies":[{"name":"wp","href":"https:\/\/api.w.org\/{rel}","templated":true}]}}