{"id":84966,"date":"2025-09-24T18:06:13","date_gmt":"2025-09-24T18:06:13","guid":{"rendered":"https:\/\/www.europesays.com\/pt\/84966\/"},"modified":"2025-09-24T18:06:13","modified_gmt":"2025-09-24T18:06:13","slug":"detido-adepto-do-sporting-por-suspeita-de-envolvimento-em-ataque-a-portistas","status":"publish","type":"post","link":"https:\/\/www.europesays.com\/pt\/84966\/","title":{"rendered":"Detido adepto do Sporting por suspeita de envolvimento em ataque a portistas"},"content":{"rendered":"<p>                    Na ter\u00e7a-feira, haviam j\u00e1 sido detidos mais tr\u00eas suspeitos do crime. S\u00e3o agora sete os arguidos no \u00e2mbito deste processo.Os suspeitos est\u00e3o indiciados pelos crimes de homic\u00eddio qualificado na forma tentada, ofensas \u00e0 integridade f\u00edsica qualificadas, inc\u00eandio, roubo, deten\u00e7\u00e3o e uso de armas proibidas.<\/p>\n<p>O ataque a um carro onde seguiam v\u00e1rios adeptos do Futebol Clube do Porto ocorreu a 10 de junho, depois de um jogo de h\u00f3quei em patins entre os dois clubes em Alvalade.<\/p>\n<p>Al\u00e9m das agress\u00f5es, as cinco pessoas que seguiam no carro sofreram queimaduras e precisaram de ser encaminhadas para o hospital.<br \/>&#13;<\/p>\n","protected":false},"excerpt":{"rendered":"Na ter\u00e7a-feira, haviam j\u00e1 sido detidos mais tr\u00eas suspeitos do crime. S\u00e3o agora sete os arguidos no \u00e2mbito&hellip;\n","protected":false},"author":2,"featured_media":84967,"comment_status":"","ping_status":"","sticky":false,"template":"","format":"standard","meta":{"footnotes":""},"categories":[87],"tags":[21564,9231,79,135,282,32,33,34,134],"class_list":{"0":"post-84966","1":"post","2":"type-post","3":"status-publish","4":"format-standard","5":"has-post-thumbnail","7":"category-desporto","8":"tag-adepto","9":"tag-adeptos","10":"tag-ataque","11":"tag-desporto","12":"tag-fc-porto","13":"tag-portugal","14":"tag-pt","15":"tag-sporting","16":"tag-sports"},"share_on_mastodon":{"url":"","error":""},"_links":{"self":[{"href":"https:\/\/www.europesays.com\/pt\/wp-json\/wp\/v2\/posts\/84966","targetHints":{"allow":["GET"]}}],"collection":[{"href":"https:\/\/www.europesays.com\/pt\/wp-json\/wp\/v2\/posts"}],"about":[{"href":"https:\/\/www.europesays.com\/pt\/wp-json\/wp\/v2\/types\/post"}],"author":[{"embeddable":true,"href":"https:\/\/www.europesays.com\/pt\/wp-json\/wp\/v2\/users\/2"}],"replies":[{"embeddable":true,"href":"https:\/\/www.europesays.com\/pt\/wp-json\/wp\/v2\/comments?post=84966"}],"version-history":[{"count":0,"href":"https:\/\/www.europesays.com\/pt\/wp-json\/wp\/v2\/posts\/84966\/revisions"}],"wp:featuredmedia":[{"embeddable":true,"href":"https:\/\/www.europesays.com\/pt\/wp-json\/wp\/v2\/media\/84967"}],"wp:attachment":[{"href":"https:\/\/www.europesays.com\/pt\/wp-json\/wp\/v2\/media?parent=84966"}],"wp:term":[{"taxonomy":"category","embeddable":true,"href":"https:\/\/www.europesays.com\/pt\/wp-json\/wp\/v2\/categories?post=84966"},{"taxonomy":"post_tag","embeddable":true,"href":"https:\/\/www.europesays.com\/pt\/wp-json\/wp\/v2\/tags?post=84966"}],"curies":[{"name":"wp","href":"https:\/\/api.w.org\/{rel}","templated":true}]}}