{"id":84999,"date":"2025-09-24T18:27:25","date_gmt":"2025-09-24T18:27:25","guid":{"rendered":"https:\/\/www.europesays.com\/pt\/84999\/"},"modified":"2025-09-24T18:27:25","modified_gmt":"2025-09-24T18:27:25","slug":"diplomacia-nao-chega-para-governar-palestina-observador","status":"publish","type":"post","link":"https:\/\/www.europesays.com\/pt\/84999\/","title":{"rendered":"Diplomacia &#8220;n\u00e3o chega&#8221; para governar Palestina \u2013 Observador"},"content":{"rendered":"<p>N\u00e3o ser\u00e1, portanto, surpreendente que a primeira exig\u00eancia internacional para o reconhecimento da Palestina seja a <strong>realiza\u00e7\u00e3o de elei\u00e7\u00f5es<\/strong>, legislativas e presidenciais, na Cisjord\u00e2nia e em Jerusal\u00e9m Oriental, no espa\u00e7o de um ano, com monitoriza\u00e7\u00e3o da Uni\u00e3o Europeia, que se mostrou dispon\u00edvel para intervir neste \u00e2mbito. As elei\u00e7\u00f5es devem ser abertas a todos \u201cos atores palestinianos comprometidos com a plataforma pol\u00edtica da OLP\u201d . Outro ponto da reforma \u00e9 o reconhecimento do Estado de Israel. Atualmente, Palestina e Israel n\u00e3o se reconhecem mutuamente como Estados, apesar de, em 1993, terem aberto caminho a esse processo com os Acordos de Oslo.<\/p>\n<p>Estes pontos, somados \u00e0 j\u00e1 mencionada exclus\u00e3o do Hamas da governa\u00e7\u00e3o da Faixa de Gaza \u2014 que lidera desde a sua elei\u00e7\u00e3o em 2006 \u2014 e \u00e0 entrega de todas as armas do grupo \u00e0 AP, apontam para uma exclus\u00e3o do grupo palestiniano desta elei\u00e7\u00e3o futura. A entrega das armas do Hamas contribui ainda para a defini\u00e7\u00e3o da pol\u00edtica \u201cUm Estado, Um Governo, Uma Lei, Uma Arma\u201d, que prev\u00ea que o monop\u00f3lio da for\u00e7a perten\u00e7a \u00e0 AP, como l\u00edder leg\u00edtima da Palestina.<\/p>\n<p>Entre os deveres da AP, elencados no documento, prev\u00ea-se ainda \u201ca <strong>moderniza\u00e7\u00e3o do curr\u00edculo palestiniano<\/strong>\u201c, de forma a \u201cpromover a cultura de paz na escola\u201d. Membros da comunidade internacional tamb\u00e9m deixam o mesmo alerta a Israel, que n\u00e3o subscreve o documento. Em causa est\u00e3o as acusa\u00e7\u00f5es de que os curr\u00edculos do sistema de educa\u00e7\u00e3o palestiniano promovem o \u201cdiscurso de \u00f3dio e incitamento\u201d contra o povo israelita, explica Dahlia Scheindlin, analista pol\u00edtica israelita e norte-americana, ao <a href=\"https:\/\/www.nytimes.com\/2025\/09\/20\/world\/middleeast\/france-palestinian-state-peace-plan.html\" rel=\"nofollow noopener\" target=\"_blank\">New York Times<\/a>. Em 2022, um <a href=\"https:\/\/researchbriefings.files.parliament.uk\/documents\/CDP-2021-0105\/CDP-2021-0105.pdf\" rel=\"nofollow noopener\" target=\"_blank\">relat\u00f3rio da Uni\u00e3o Europeia<\/a> concluiu que muitos manuais palestinianos cont\u00eam \u201cantagonismo contra Israel\u201d e, por vezes, n\u00e3o mostram Israel nos mapas e elogiam palestinianos que cometeram atos terroristas. O mesmo relat\u00f3rio refere que os livros israelitas distribu\u00eddos nos territ\u00f3rios ocupados removem cap\u00edtulos inteiros sobre a Hist\u00f3ria da Palestina e \u201cn\u00e3o mencionam as tens\u00f5es existentes\u201d.<\/p>\n<p>Em fevereiro, Mahmoud Abbas j\u00e1 tinha iniciado reformas noutro ponto alvo de cr\u00edticas em Telavive: o <strong>sistema de pagamentos de pens\u00f5es<\/strong> \u00e0s fam\u00edlias de palestinianos detidos em pris\u00f5es israelitas com acusa\u00e7\u00f5es de terrorismo, <a href=\"https:\/\/www.timesofisrael.com\/liveblog_entry\/abbas-promises-un-that-pa-will-reform-after-france-recognizes-palestinian-state-says-pay-to-slay-payments-are-over\/\" rel=\"nofollow noopener\" target=\"_blank\">descrito pelos media israelitas<\/a> como \u201cpagar para matar\u201d. Esta segunda-feira, perante as Na\u00e7\u00f5es Unidas, o presidente anunciou que, ao longo dos \u00faltimos sete meses, o sistema foi abolido e foi criado um novo sistema de assist\u00eancia social. \u201cEste sistema est\u00e1 a ser alvo de uma auditoria internacional por uma empresa especializada internacional\u201d, anunciou.<\/p>\n","protected":false},"excerpt":{"rendered":"N\u00e3o ser\u00e1, portanto, surpreendente que a primeira exig\u00eancia internacional para o reconhecimento da Palestina seja a realiza\u00e7\u00e3o de&hellip;\n","protected":false},"author":2,"featured_media":85000,"comment_status":"","ping_status":"","sticky":false,"template":"","format":"standard","meta":{"footnotes":""},"categories":[8],"tags":[27,28,311,15,16,14,25,26,21248,21,22,62,12,13,19,20,431,32,23,24,33,17,18,29,30,31],"class_list":{"0":"post-84999","1":"post","2":"type-post","3":"status-publish","4":"format-standard","5":"has-post-thumbnail","7":"category-principais-noticias","8":"tag-breaking-news","9":"tag-breakingnews","10":"tag-conflito-israelo-palestiniano","11":"tag-featured-news","12":"tag-featurednews","13":"tag-headlines","14":"tag-latest-news","15":"tag-latestnews","16":"tag-mahmoud-abbas","17":"tag-main-news","18":"tag-mainnews","19":"tag-mundo","20":"tag-news","21":"tag-noticias","22":"tag-noticias-principais","23":"tag-noticiasprincipais","24":"tag-palestina","25":"tag-portugal","26":"tag-principais-noticias","27":"tag-principaisnoticias","28":"tag-pt","29":"tag-top-stories","30":"tag-topstories","31":"tag-ultimas","32":"tag-ultimas-noticias","33":"tag-ultimasnoticias"},"share_on_mastodon":{"url":"","error":""},"_links":{"self":[{"href":"https:\/\/www.europesays.com\/pt\/wp-json\/wp\/v2\/posts\/84999","targetHints":{"allow":["GET"]}}],"collection":[{"href":"https:\/\/www.europesays.com\/pt\/wp-json\/wp\/v2\/posts"}],"about":[{"href":"https:\/\/www.europesays.com\/pt\/wp-json\/wp\/v2\/types\/post"}],"author":[{"embeddable":true,"href":"https:\/\/www.europesays.com\/pt\/wp-json\/wp\/v2\/users\/2"}],"replies":[{"embeddable":true,"href":"https:\/\/www.europesays.com\/pt\/wp-json\/wp\/v2\/comments?post=84999"}],"version-history":[{"count":0,"href":"https:\/\/www.europesays.com\/pt\/wp-json\/wp\/v2\/posts\/84999\/revisions"}],"wp:featuredmedia":[{"embeddable":true,"href":"https:\/\/www.europesays.com\/pt\/wp-json\/wp\/v2\/media\/85000"}],"wp:attachment":[{"href":"https:\/\/www.europesays.com\/pt\/wp-json\/wp\/v2\/media?parent=84999"}],"wp:term":[{"taxonomy":"category","embeddable":true,"href":"https:\/\/www.europesays.com\/pt\/wp-json\/wp\/v2\/categories?post=84999"},{"taxonomy":"post_tag","embeddable":true,"href":"https:\/\/www.europesays.com\/pt\/wp-json\/wp\/v2\/tags?post=84999"}],"curies":[{"name":"wp","href":"https:\/\/api.w.org\/{rel}","templated":true}]}}