{"id":85001,"date":"2025-09-24T18:28:10","date_gmt":"2025-09-24T18:28:10","guid":{"rendered":"https:\/\/www.europesays.com\/pt\/85001\/"},"modified":"2025-09-24T18:28:10","modified_gmt":"2025-09-24T18:28:10","slug":"gracyanne-barbosa-vibra-com-papel-de-belo-em-tres-gracas-artista-completo-celebridades","status":"publish","type":"post","link":"https:\/\/www.europesays.com\/pt\/85001\/","title":{"rendered":"Gracyanne Barbosa vibra com papel de Belo em &#8216;Tr\u00eas Gra\u00e7as&#8217;: &#8216;Artista completo&#8217; | Celebridades"},"content":{"rendered":"<p>                                        Gracyanne Barbosa e Belo &#8211; Reprodu\u00e7\u00e3o do Instagram \/ Fabiano Battaglin \/ TV Globo<\/p>\n<p class=\"content-media__description\">Gracyanne Barbosa e BeloReprodu\u00e7\u00e3o do Instagram \/ Fabiano Battaglin \/ TV Globo<\/p>\n<p>                            Publicado 24\/09\/2025 09:16\n                    <\/p>\n<p>                    Rio &#8211; No elenco de &#8220;Tr\u00eas Gra\u00e7as&#8221;, Belo compartilhou, no Instagram, o primeiro <a href=\"https:\/\/odia.ig.com.br\/diversao\/televisao\/2025\/09\/7134294-tv-globo-divulga-primeira-chamada-de-tres-gracas-confira.html\" rel=\"nofollow noopener\" target=\"_blank\">teaser do folhetim de Aguinaldo Silva<\/a>, novela que substituir\u00e1 &#8220;Vale Tudo&#8221;, na TV Globo, e ganhou um elogio da ex-mulher, Gracyanne Barbosa. Nas imagens, <a href=\"https:\/\/odia.ig.com.br\/diversao\/televisao\/2025\/09\/7133198-belo-adianta-detalhes-de-personagem-em-tres-gracas-tem-um-senso-de-justica-muito-forte.html\" rel=\"nofollow noopener\" target=\"_blank\">o personagem Misael, interpretado pelo cantor,<\/a> aparece chamando o vil\u00e3o\u00a0Santiago (Murilo Ben\u00edcio) de &#8220;safado&#8221; e &#8220;assassino&#8221;.\u00a0<\/p>\n<p>&#8220;Vem a\u00ed um novel\u00e3o. &#8216;Tr\u00eas Gra\u00e7as&#8217;,\u00a0sua pr\u00f3xima novela das 9, estreia dia 20 de outubro. Eu estarei na periferia de S\u00e3o Paulo como Misael, um homem de princ\u00edpios fortes cujo mundo vira do avesso ap\u00f3s perder sua esposa por um crime ligado a rem\u00e9dios falsos.\u00a0Quem j\u00e1 t\u00e1 na expectativa?&#8221;, escreveu o artista na legenda.\u00a0<\/p>\n<p>Nos coment\u00e1rios, Gracyane fez quest\u00e3o de elogiar o ex-marido. &#8220;Voc\u00ea \u00e9 grandioso em tudo que faz, um artista completo. Muito orgulhosa e feliz por voc\u00ea estar realizando esse sonho, parab\u00e9ns&#8221;.\u00a0<\/p>\n<p>\u00a0<\/p>\n","protected":false},"excerpt":{"rendered":"Gracyanne Barbosa e Belo &#8211; Reprodu\u00e7\u00e3o do Instagram \/ Fabiano Battaglin \/ TV Globo Gracyanne Barbosa e BeloReprodu\u00e7\u00e3o&hellip;\n","protected":false},"author":2,"featured_media":85002,"comment_status":"","ping_status":"","sticky":false,"template":"","format":"standard","meta":{"footnotes":""},"categories":[145],"tags":[4385,211,210,114,115,5735,2931,32,33,4376],"class_list":{"0":"post-85001","1":"post","2":"type-post","3":"status-publish","4":"format-standard","5":"has-post-thumbnail","7":"category-celebridades","8":"tag-belo","9":"tag-celebridades","10":"tag-celebrities","11":"tag-entertainment","12":"tag-entretenimento","13":"tag-gracyanne-barbosa","14":"tag-novela","15":"tag-portugal","16":"tag-pt","17":"tag-tres-gracas"},"share_on_mastodon":{"url":"","error":""},"_links":{"self":[{"href":"https:\/\/www.europesays.com\/pt\/wp-json\/wp\/v2\/posts\/85001","targetHints":{"allow":["GET"]}}],"collection":[{"href":"https:\/\/www.europesays.com\/pt\/wp-json\/wp\/v2\/posts"}],"about":[{"href":"https:\/\/www.europesays.com\/pt\/wp-json\/wp\/v2\/types\/post"}],"author":[{"embeddable":true,"href":"https:\/\/www.europesays.com\/pt\/wp-json\/wp\/v2\/users\/2"}],"replies":[{"embeddable":true,"href":"https:\/\/www.europesays.com\/pt\/wp-json\/wp\/v2\/comments?post=85001"}],"version-history":[{"count":0,"href":"https:\/\/www.europesays.com\/pt\/wp-json\/wp\/v2\/posts\/85001\/revisions"}],"wp:featuredmedia":[{"embeddable":true,"href":"https:\/\/www.europesays.com\/pt\/wp-json\/wp\/v2\/media\/85002"}],"wp:attachment":[{"href":"https:\/\/www.europesays.com\/pt\/wp-json\/wp\/v2\/media?parent=85001"}],"wp:term":[{"taxonomy":"category","embeddable":true,"href":"https:\/\/www.europesays.com\/pt\/wp-json\/wp\/v2\/categories?post=85001"},{"taxonomy":"post_tag","embeddable":true,"href":"https:\/\/www.europesays.com\/pt\/wp-json\/wp\/v2\/tags?post=85001"}],"curies":[{"name":"wp","href":"https:\/\/api.w.org\/{rel}","templated":true}]}}