{"id":85009,"date":"2025-09-24T18:34:08","date_gmt":"2025-09-24T18:34:08","guid":{"rendered":"https:\/\/www.europesays.com\/pt\/85009\/"},"modified":"2025-09-24T18:34:08","modified_gmt":"2025-09-24T18:34:08","slug":"rally-raid-portugal-henk-lategan-lidera-com-joao-ferreira-por-perto","status":"publish","type":"post","link":"https:\/\/www.europesays.com\/pt\/85009\/","title":{"rendered":"Rally Raid Portugal: Henk Lategan lidera, com Jo\u00e3o Ferreira por perto"},"content":{"rendered":"<p>A primeira etapa do Rally Raid Portugal est\u00e1 na estrada. Com 302 km percorridos, com in\u00edcio e fim em Gr\u00e2ndola, os pilotos e equipas enfrentam os primeiros desafios desta exigente semana. <\/p>\n<p>A meio da primeira etapa, ao Km 123, Henk Lategan \/ Brett Cummings (TOYOTA HILUX EVO) lideravam a prova. No entanto, Jo\u00e3o Ferreira \/ Filipe Palmeiro (TOYOTA HILUX EVO) t\u00eam estado em destaque. Nasser Al-Attiyah \/ Fabian Lurquin (DACIA SANDRIDER) come\u00e7ou bem, mas ao km 49, Ferreira assumiu a lideran\u00e7a. Seth Quintero \/ Andrew Short (TOYOTA HILUX EVO) subiu ao topo da tabela no km75, com Ferreira a nove segundos do primeiro posto, regressando \u00e0 lideran\u00e7a ao km 91, com Lategan a aproximar-se (a tr\u00eas segundos do portugu\u00eas). <\/p>\n<p>Com a etapa a chegar ao meio, Lategan segue na frente, com 12 segundos de vantagem para Ferreira, com Lucas Moraes \/ Armand Monleon (TOYOTA HILUX EVO) a 55 segundos do topo, num top 5 dominado por m\u00e1quinas Toyota. Eryk Goczal \/ Szymon Gospodarczyk (TOYOTA HILUX EVO) est\u00e3o na quarta posi\u00e7\u00e3o \u00e0 frente de Saood Variawa \/ Fran\u00e7ois Cazalet (TOYOTA HILUX EVO).  O primeiro Dacia surge na sexta posi\u00e7\u00e3o com Nasser Al-Attiyah a 1:47 do topo. <\/p>\n<p>Yazeed Al Rajhi \/ Timo Gottschalk (TOYOTA HILUX EVO), Carlos Sainz \/ Lucas Cruz (FORD RAPTOR T1+) e S\u00e9bastien Loeb \/ Edouard Boulanger (DACIA SANDRIDER) e Juan Cruz Yacopini \/ Daniel Oliveras (TOYOTA HILUX EVO) completavam o top 10 provis\u00f3rio \u00e0 geral e nos Ultimate.<\/p>\n<p>Nas contas dos Challenger, temos assistido a uma bela luta entre Gon\u00e7alo Guerreiro \/ Bruno Jacomy (TAURUS EVO MAX) e Mattias Ekstr\u00f6m \/ Emil Bergkvist (CAN-AM XRS), com vantagem para o piloto luso.<\/p>\n<p>Nos SSV tamb\u00e9m duplas lusas em destaque, com Lu\u00eds Portela \/ David Megre (POLARIS RZR PRO R) a liderar, seguidos de Lu\u00eds Cidade \/ Valter Cardoso (BRP CAN-AM MAVERICK R) e Alexandre Pinto \/ Bernardo Oliveira (POLARIS RZR PRO R) a destacarem-se nos primeiros lugares desta categoria. <\/p>\n<p><a href=\"https:\/\/www.portugal.live.worldrallyraidchampionship.com\/en\/car\/latest-ranking\" rel=\"nofollow noopener\" target=\"_blank\">Live Timing AQUI<\/a><\/p>\n","protected":false},"excerpt":{"rendered":"A primeira etapa do Rally Raid Portugal est\u00e1 na estrada. Com 302 km percorridos, com in\u00edcio e fim&hellip;\n","protected":false},"author":2,"featured_media":85010,"comment_status":"","ping_status":"","sticky":false,"template":"","format":"standard","meta":{"footnotes":""},"categories":[87],"tags":[135,21569,15995,32,33,20322,134,18889,20323],"class_list":{"0":"post-85009","1":"post","2":"type-post","3":"status-publish","4":"format-standard","5":"has-post-thumbnail","7":"category-desporto","8":"tag-desporto","9":"tag-henk-lategan","10":"tag-joao-ferreira","11":"tag-portugal","12":"tag-pt","13":"tag-rally-raid-portugal","14":"tag-sports","15":"tag-tt","16":"tag-w2rc"},"share_on_mastodon":{"url":"","error":""},"_links":{"self":[{"href":"https:\/\/www.europesays.com\/pt\/wp-json\/wp\/v2\/posts\/85009","targetHints":{"allow":["GET"]}}],"collection":[{"href":"https:\/\/www.europesays.com\/pt\/wp-json\/wp\/v2\/posts"}],"about":[{"href":"https:\/\/www.europesays.com\/pt\/wp-json\/wp\/v2\/types\/post"}],"author":[{"embeddable":true,"href":"https:\/\/www.europesays.com\/pt\/wp-json\/wp\/v2\/users\/2"}],"replies":[{"embeddable":true,"href":"https:\/\/www.europesays.com\/pt\/wp-json\/wp\/v2\/comments?post=85009"}],"version-history":[{"count":0,"href":"https:\/\/www.europesays.com\/pt\/wp-json\/wp\/v2\/posts\/85009\/revisions"}],"wp:featuredmedia":[{"embeddable":true,"href":"https:\/\/www.europesays.com\/pt\/wp-json\/wp\/v2\/media\/85010"}],"wp:attachment":[{"href":"https:\/\/www.europesays.com\/pt\/wp-json\/wp\/v2\/media?parent=85009"}],"wp:term":[{"taxonomy":"category","embeddable":true,"href":"https:\/\/www.europesays.com\/pt\/wp-json\/wp\/v2\/categories?post=85009"},{"taxonomy":"post_tag","embeddable":true,"href":"https:\/\/www.europesays.com\/pt\/wp-json\/wp\/v2\/tags?post=85009"}],"curies":[{"name":"wp","href":"https:\/\/api.w.org\/{rel}","templated":true}]}}