{"id":85024,"date":"2025-09-24T18:44:28","date_gmt":"2025-09-24T18:44:28","guid":{"rendered":"https:\/\/www.europesays.com\/pt\/85024\/"},"modified":"2025-09-24T18:44:28","modified_gmt":"2025-09-24T18:44:28","slug":"noites-brancas-obra-prima-lirica-de-dostoievski-ganha-nova-edicao","status":"publish","type":"post","link":"https:\/\/www.europesays.com\/pt\/85024\/","title":{"rendered":"&#8220;Noites Brancas&#8221;, obra-prima l\u00edrica de Dostoi\u00e9vski, ganha nova edi\u00e7\u00e3o"},"content":{"rendered":"<p class=\"has-text-align-center\">Escrito em 1848,\u00a0\u201cNoites Brancas\u201d\u00a0\u00e9 considerado um dos textos mais sens\u00edveis e po\u00e9ticos de\u00a0Fi\u00f3dor Dostoi\u00e9vski. Em contraste com os romances densos e filos\u00f3ficos que marcam a carreira do autor, a obra apresenta uma narrativa profundamente emotiva, revelando um olhar compassivo sobre as fragilidades humanas.\u00a0<\/p>\n<p class=\"has-text-align-center\">Publicada pela\u00a0Via Leitura\u00a0(Grupo Editorial Edipro), a edi\u00e7\u00e3o apresenta uma tradu\u00e7\u00e3o direta do russo, assinada por Rafael Bonavina, doutorando em Letras Estrangeiras e Tradu\u00e7\u00e3o pela FFLCH-USP. Desta forma, a cad\u00eancia l\u00edrica e a sutileza das palavras escolhidas por Dostoi\u00e9vski s\u00e3o preservadas e permitem ao leitor brasileiro se conectar com a musicalidade e a delicadeza da prosa.\u00a0<\/p>\n<p class=\"has-text-align-center\">A Noite Branca \u00e9 um fen\u00f4meno comum em locais pr\u00f3ximos \u00e0s regi\u00f5es polares, nos quais o Sol, mesmo se pondo, permanece pouco abaixo da linha do horizonte, resultando em noites iluminadas e on\u00edricas. Nesse cen\u00e1rio, um jovem sonhador que, durante quatro noites de encontros fortuitos, vive uma intensa hist\u00f3ria de amor e esperan\u00e7a ao lado de N\u00e1stienka, uma jovem dividida entre a espera pelo retorno de um antigo amor e a possibilidade de um novo come\u00e7o.\u00a0\u00a0<\/p>\n<p class=\"has-text-align-center\">Essa aproxima\u00e7\u00e3o entre dois \u00e9 marcada pelo contraste entre a paix\u00e3o idealizada e a realidade frustrante. \u00c9 um retrato da delicadeza dos encontros humanos, mas tamb\u00e9m da dor de quem ama sozinho.\u00a0 <\/p>\n<p class=\"has-text-align-center\">Para os amantes de romance, a narrativa \u00e9 um mergulho intenso na solid\u00e3o, nos desejos inating\u00edveis e nas ilus\u00f5es que muitas vezes sustentam a vida cotidiana. Ao mesmo tempo em que emociona, questiona a fronteira entre os del\u00edrios de amor e os fatos, temas que atravessam grande parte da produ\u00e7\u00e3o liter\u00e1ria do autor.\u00a0<\/p>\n<p class=\"has-text-align-center\">Ali\u00e1s, nova edi\u00e7\u00e3o de\u00a0\u201cNoites Brancas\u201d\u00a0reafirma a atualidade e a for\u00e7a de Dostoi\u00e9vski, aproximando novas gera\u00e7\u00f5es de um texto que, mesmo escrito h\u00e1 quase dois s\u00e9culos, continua a ressoar com intensidade nos cora\u00e7\u00f5es dos apaixonados.\u00a0<\/p>\n","protected":false},"excerpt":{"rendered":"Escrito em 1848,\u00a0\u201cNoites Brancas\u201d\u00a0\u00e9 considerado um dos textos mais sens\u00edveis e po\u00e9ticos de\u00a0Fi\u00f3dor Dostoi\u00e9vski. Em contraste com os&hellip;\n","protected":false},"author":2,"featured_media":85025,"comment_status":"","ping_status":"","sticky":false,"template":"","format":"standard","meta":{"footnotes":""},"categories":[143],"tags":[169,12793,114,115,237,170,21573,32,33],"class_list":{"0":"post-85024","1":"post","2":"type-post","3":"status-publish","4":"format-standard","5":"has-post-thumbnail","7":"category-livros","8":"tag-books","9":"tag-dostoievski","10":"tag-entertainment","11":"tag-entretenimento","12":"tag-livro","13":"tag-livros","14":"tag-noites-brancas","15":"tag-portugal","16":"tag-pt"},"share_on_mastodon":{"url":"","error":""},"_links":{"self":[{"href":"https:\/\/www.europesays.com\/pt\/wp-json\/wp\/v2\/posts\/85024","targetHints":{"allow":["GET"]}}],"collection":[{"href":"https:\/\/www.europesays.com\/pt\/wp-json\/wp\/v2\/posts"}],"about":[{"href":"https:\/\/www.europesays.com\/pt\/wp-json\/wp\/v2\/types\/post"}],"author":[{"embeddable":true,"href":"https:\/\/www.europesays.com\/pt\/wp-json\/wp\/v2\/users\/2"}],"replies":[{"embeddable":true,"href":"https:\/\/www.europesays.com\/pt\/wp-json\/wp\/v2\/comments?post=85024"}],"version-history":[{"count":0,"href":"https:\/\/www.europesays.com\/pt\/wp-json\/wp\/v2\/posts\/85024\/revisions"}],"wp:featuredmedia":[{"embeddable":true,"href":"https:\/\/www.europesays.com\/pt\/wp-json\/wp\/v2\/media\/85025"}],"wp:attachment":[{"href":"https:\/\/www.europesays.com\/pt\/wp-json\/wp\/v2\/media?parent=85024"}],"wp:term":[{"taxonomy":"category","embeddable":true,"href":"https:\/\/www.europesays.com\/pt\/wp-json\/wp\/v2\/categories?post=85024"},{"taxonomy":"post_tag","embeddable":true,"href":"https:\/\/www.europesays.com\/pt\/wp-json\/wp\/v2\/tags?post=85024"}],"curies":[{"name":"wp","href":"https:\/\/api.w.org\/{rel}","templated":true}]}}