{"id":85031,"date":"2025-09-24T18:49:15","date_gmt":"2025-09-24T18:49:15","guid":{"rendered":"https:\/\/www.europesays.com\/pt\/85031\/"},"modified":"2025-09-24T18:49:15","modified_gmt":"2025-09-24T18:49:15","slug":"mamografia-passa-a-ser-oferecida-no-sus-a-partir-dos-40-anos","status":"publish","type":"post","link":"https:\/\/www.europesays.com\/pt\/85031\/","title":{"rendered":"Mamografia passa a ser oferecida no SUS a partir dos 40 anos"},"content":{"rendered":"<p>                            <img width=\"944\" height=\"531\" src=\"https:\/\/www.europesays.com\/pt\/wp-content\/uploads\/2025\/09\/mamografia-1-944x531.jpg\" class=\"attachment-custom-large size-custom-large article-featured-image\" alt=\"\" fetchpriority=\"high\" decoding=\"async\"  \/><\/p>\n<p>A orienta\u00e7\u00e3o anterior era que o exame fosse feito a partir dos 50 anos. (Foto: Banco de imagens) <\/p>\n<p>O exame de mamografia, via Sistema \u00danico de Sa\u00fade (SUS), passar\u00e1 a ser oferecido para mulheres de 40 a 49 anos, mesmo sem sinais ou sintomas de c\u00e2ncer de mama. Segundo o Minist\u00e9rio da Sa\u00fade, a\u00a0faixa et\u00e1ria concentra 23% dos casos da doen\u00e7a, e a detec\u00e7\u00e3o precoce aumenta as chances de cura.<\/p>\n<p>Continua depois da publicidade<\/p>\n<p>A orienta\u00e7\u00e3o anterior era que o exame fosse feito a partir dos 50 anos. <a href=\"https:\/\/cbntotal.com.br\/cotidiano\/mamografia-podera-ser-feita-no-sus-a-partir-dos-40-anos\/\" rel=\"nofollow noopener\" target=\"_blank\"><strong>Leia a reportagem completa em CBN Total. <img decoding=\"async\" src=\"https:\/\/www.europesays.com\/pt\/wp-content\/uploads\/2025\/09\/1758739754_728_ebc.png\"\/><img decoding=\"async\" src=\"https:\/\/www.europesays.com\/pt\/wp-content\/uploads\/2025\/09\/1758739755_95_ebc.gif\"\/><\/strong><\/a><\/p>\n","protected":false},"excerpt":{"rendered":"A orienta\u00e7\u00e3o anterior era que o exame fosse feito a partir dos 50 anos. (Foto: Banco de imagens)&hellip;\n","protected":false},"author":2,"featured_media":85032,"comment_status":"","ping_status":"","sticky":false,"template":"","format":"standard","meta":{"footnotes":""},"categories":[86],"tags":[829,116,32,33,117],"class_list":{"0":"post-85031","1":"post","2":"type-post","3":"status-publish","4":"format-standard","5":"has-post-thumbnail","7":"category-saude","8":"tag-conteudo-liberado","9":"tag-health","10":"tag-portugal","11":"tag-pt","12":"tag-saude"},"share_on_mastodon":{"url":"","error":""},"_links":{"self":[{"href":"https:\/\/www.europesays.com\/pt\/wp-json\/wp\/v2\/posts\/85031","targetHints":{"allow":["GET"]}}],"collection":[{"href":"https:\/\/www.europesays.com\/pt\/wp-json\/wp\/v2\/posts"}],"about":[{"href":"https:\/\/www.europesays.com\/pt\/wp-json\/wp\/v2\/types\/post"}],"author":[{"embeddable":true,"href":"https:\/\/www.europesays.com\/pt\/wp-json\/wp\/v2\/users\/2"}],"replies":[{"embeddable":true,"href":"https:\/\/www.europesays.com\/pt\/wp-json\/wp\/v2\/comments?post=85031"}],"version-history":[{"count":0,"href":"https:\/\/www.europesays.com\/pt\/wp-json\/wp\/v2\/posts\/85031\/revisions"}],"wp:featuredmedia":[{"embeddable":true,"href":"https:\/\/www.europesays.com\/pt\/wp-json\/wp\/v2\/media\/85032"}],"wp:attachment":[{"href":"https:\/\/www.europesays.com\/pt\/wp-json\/wp\/v2\/media?parent=85031"}],"wp:term":[{"taxonomy":"category","embeddable":true,"href":"https:\/\/www.europesays.com\/pt\/wp-json\/wp\/v2\/categories?post=85031"},{"taxonomy":"post_tag","embeddable":true,"href":"https:\/\/www.europesays.com\/pt\/wp-json\/wp\/v2\/tags?post=85031"}],"curies":[{"name":"wp","href":"https:\/\/api.w.org\/{rel}","templated":true}]}}