{"id":85037,"date":"2025-09-24T18:53:13","date_gmt":"2025-09-24T18:53:13","guid":{"rendered":"https:\/\/www.europesays.com\/pt\/85037\/"},"modified":"2025-09-24T18:53:13","modified_gmt":"2025-09-24T18:53:13","slug":"vitoria-de-marques-mendes-traria-vitoria-do-chega-observador","status":"publish","type":"post","link":"https:\/\/www.europesays.com\/pt\/85037\/","title":{"rendered":"vit\u00f3ria de Marques Mendes traria vit\u00f3ria do Chega \u2013 Observador"},"content":{"rendered":"<p>O antigo presidente do PSD, Rui Rio, defendeu a candidatura de Henrique Gouveia e Melo, da qual \u00e9 mandat\u00e1rio, numa entrevista \u00e0 RTP em que avisou que uma vit\u00f3ria de Lu\u00eds Marques Mendes nas pr\u00f3ximas presidenciais, \u201cabria muito as portas a uma vit\u00f3ria do Chega nas pr\u00f3ximas legislativas\u201d.<\/p>\n<p>\u201cSe o Dr. Lu\u00eds Marques Mendes ganhasse as elei\u00e7\u00f5es, n\u00f3s est\u00e1vamos a eleger para a Presid\u00eancia da Rep\u00fablica <strong>um prot\u00f3tipo do que \u00e9 hoje a pol\u00edtica<\/strong>. \u00c9 das pessoas que melhor <strong>encarna as virtudes e defeitos que a pol\u00edtica de hoje tem<\/strong>\u201c, disse Rio, sublinhando que isso alimentaria o \u201cdescontentamento que existe na sociedade portuguesa\u201d face ao\u00a0\u201csistema\u201d.<\/p>\n<p>Portugal, para o antigo l\u00edder partid\u00e1rio, precisa de \u201cum Presidente da Rep\u00fablica que seja de fora do sistema\u201d mas \u201cque seja pelo sistema\u201d.<\/p>\n<p>\u201cEu quero um Presidente que possa acender uma luz aos portugueses. Uma luz de esperan\u00e7a\u201d, sublinhou, dizendo que essa luz n\u00e3o ser\u00e1 \u201cacesa\u201d se \u201celegermos um Presidente da Rep\u00fablica que tem uma obedi\u00eancia partid\u00e1ria, uma liga\u00e7\u00e3o a interesses instalados, interesses corporativos\u201d.<\/p>\n<p>\u201cSe n\u00e3o for um homem livre, ele, para l\u00e1 de estar condicionado na sua a\u00e7\u00e3o, n\u00e3o vai acender uma luz de esperan\u00e7a \u00e0s pessoas\u201d, continuou. Assim, para Rio, Gouveia e Melo \u00e9 \u201co \u00fanico candidato que pode travar o descontentamento\u201d, nomeadamente, <strong>\u201ctravar o voto no Chega<\/strong>\u201c, sublinhou.<\/p>\n<p>Se Gouveia e Melo for eleito, acrescentou Rio, \u201cPortugal diz: \u2018Alto! Est\u00e1 na Presid\u00eancia da Rep\u00fablica, um homem que \u00e9 cr\u00edtico do sistema, que tamb\u00e9m est\u00e1 descontente e que vai procurar construir\u2019\u201d. O mandat\u00e1rio compara com o Chega, que \u201cs\u00f3 destr\u00f3i, s\u00f3 critica\u201d.<\/p>\n<p>Rio caracteriza mesmo \u201c<strong>todos os outros candidatos<\/strong>\u201d como sendo de dentro do sistema, incluindo Marques Mendes e at\u00e9 Andr\u00e9 Ventura.<\/p>\n<p>\u201cQuando criticamos [Ramalho] Eanes por criar um partido a partir da Presid\u00eancia da Rep\u00fablica, [\u2026] <strong>Andr\u00e9 Ventura \u00e9 pior, leva o partido para dentro do Pal\u00e1cio de Bel\u00e9m<\/strong>\u201c, sublinhou, lembrando a cria\u00e7\u00e3o do Partido Renovador Democr\u00e1tico enquanto Ramalho Eanes ainda era chefe de Estado, em 1985.<\/p>\n<p>Questionado sobre se o seu candidato queria o apoio de Andr\u00e9 Ventura, o antigo autarca disse que, na sua opini\u00e3o face ao que conhece de Gouveia e Melo, \u201c<strong>n\u00e3o queria ter o apoio de partido nenhum<\/strong>\u201c.<\/p>\n<p>\u201cPorque isso podia ferir um bocado a imagem de independ\u00eancia e de homem completamente livre, que ele tem\u201d, elaborou. \u201cCoisa diferente \u00e9 aceitar os votos das pessoas que votaram no Chega, no PSD, ou at\u00e9 no Partido Comunista ou no Bloco de Esquerda\u201d, distinguiu ainda o mandat\u00e1rio, que diz que o ex-almirante quer os votos de \u201ctodos\u201d.<\/p>\n<p>\u201c<strong>Quer o apoio formal do Chega \u00e0 candidatura? Eu acho que n\u00e3o, que nunca quis isso<\/strong>\u201c, rematou.<\/p>\n<p>Questionado sobre as elei\u00e7\u00f5es aut\u00e1rquicas no Porto, Rui Rio considerou que a cidade que liderou entre 2002 e 2013 est\u00e1 \u201c<strong>em mau estado<\/strong>\u201c, apontando \u201co tr\u00e2nsito, a seguran\u00e7a, a habita\u00e7\u00e3o, os pr\u00f3prios servi\u00e7os municipais\u201d como os principais problemas da cidade.<\/p>\n<p>\u201cN\u00f3s precisamos de programas que visem a qualidade de vida\u201d, apontou ainda sobre a cidade, sublinhando que se est\u00e1 a \u201cencaixotar mais pessoas\u201d no Porto \u201ccom reflexos terr\u00edveis no tr\u00e2nsito e na mobilidade\u201d.<\/p>\n<p>As cr\u00edticas mais fortes lan\u00e7adas por Rio \u00e0 autarquia de Rui Moreira desde 2014 foram mesmo direcionadas ao\u00a0Metrobus, que disse estar a ter uma \u201cp\u00e9ssima gest\u00e3o\u201d e ser uma \u201c<strong>cena gaga, impens\u00e1vel<\/strong>\u201d e uma \u201c<strong>falta de respeito<\/strong>\u201d \u2014 especialmente no que toca ao in\u00edcio das obras da segunda fase do projeto a pouco tempo das elei\u00e7\u00f5es aut\u00e1rquicas.<\/p>\n<p>Segundo o ex-Presidente da C\u00e2mara, \u201co Metro nunca fez um cent\u00edmetro sem um acordo\u201d com a C\u00e2mara enquanto ele a liderou e era esta gest\u00e3o municipal que podia \u201ctravar\u201d o in\u00edcio desta nova fase do projeto.<\/p>\n<p>Sobre as listas que v\u00e3o a elei\u00e7\u00f5es no Porto, Rui Rio sublinhou que \u201cse os candidatos forem mais enf\u00e1ticos a pedir \u00e0 C\u00e2mara que pare isto [\u2026], v\u00e3o ganhar votos\u201d.<\/p>\n<p>E o antigo autarca, sem apoiar diretamente qualquer candidatura, aponta uma maior inabilidade de cr\u00edtica aos partidos no centro pol\u00edtico: o Partido Socialista, que apresenta Manuel Pizarro a votos e o Partido Social Democrata, que tem uma candidatura encabe\u00e7ada por Pedro Duarte.<\/p>\n<p><strong>\u201cO PS est\u00e1 absolutamente incapaz de fazer qualquer cr\u00edtica \u00e0 gest\u00e3o camar\u00e1ria atual<\/strong>. Eu acho que perde com isso. At\u00e9 pode ganhar as elei\u00e7\u00f5es, mas se ganhar com 10, podia ganhar com 20\u2033, atacou Rui Rio, considerando ainda que \u201c<strong>gostava de ver o PSD a ser mais enf\u00e1tico<\/strong>\u201c.<\/p>\n<p>Quem tem feito \u201ca cr\u00edtica mais forte e mais incisiva\u201d \u00e0 atual gest\u00e3o de Rui Moreira, diz, \u00e9 mesmo \u201co Chega\u201d, que apresenta Miguel C\u00f4rte-Real, ex-PSD e antigo apoiante de Rui Rio dentro do partido.<\/p>\n<p>\u201c<strong>Prevejo que o Chega vai ter um bom resultado<\/strong>, a n\u00e3o ser que os outros candidatos comecem a ser mais incisivos e a falar mais aquilo que o povo sente. Porque eu acho que aquilo que eu digo \u00e9 o que o povo sente\u201d, concluiu.<\/p>\n<p>                            Se tiver uma hist\u00f3ria que queira partilhar sobre irregularidades na sua autarquia, preencha<br \/>\n                            <a href=\"https:\/\/forms.gle\/uQ1gDpSwmRd7ezUf8\" target=\"_blank\" rel=\"noopener noreferrer nofollow\">este formul\u00e1rio an\u00f3nimo<\/a>.<\/p>\n","protected":false},"excerpt":{"rendered":"O antigo presidente do PSD, Rui Rio, defendeu a candidatura de Henrique Gouveia e Melo, da qual \u00e9&hellip;\n","protected":false},"author":2,"featured_media":85038,"comment_status":"","ping_status":"","sticky":false,"template":"","format":"standard","meta":{"footnotes":""},"categories":[50],"tags":[2163,27,28,1077,15,16,14,25,26,21,22,62,12,13,19,20,302,1076,23,24,21574,17,18,29,30,31,63,64,65],"class_list":{"0":"post-85037","1":"post","2":"type-post","3":"status-publish","4":"format-standard","5":"has-post-thumbnail","7":"category-mundo","8":"tag-autu00e1rquicas-2025","9":"tag-breaking-news","10":"tag-breakingnews","11":"tag-eleiu00e7u00f5es","12":"tag-featured-news","13":"tag-featurednews","14":"tag-headlines","15":"tag-latest-news","16":"tag-latestnews","17":"tag-main-news","18":"tag-mainnews","19":"tag-mundo","20":"tag-news","21":"tag-noticias","22":"tag-noticias-principais","23":"tag-noticiasprincipais","24":"tag-polu00edtica","25":"tag-presidenciais-2026","26":"tag-principais-noticias","27":"tag-principaisnoticias","28":"tag-rui-rio","29":"tag-top-stories","30":"tag-topstories","31":"tag-ultimas","32":"tag-ultimas-noticias","33":"tag-ultimasnoticias","34":"tag-world","35":"tag-world-news","36":"tag-worldnews"},"share_on_mastodon":{"url":"","error":""},"_links":{"self":[{"href":"https:\/\/www.europesays.com\/pt\/wp-json\/wp\/v2\/posts\/85037","targetHints":{"allow":["GET"]}}],"collection":[{"href":"https:\/\/www.europesays.com\/pt\/wp-json\/wp\/v2\/posts"}],"about":[{"href":"https:\/\/www.europesays.com\/pt\/wp-json\/wp\/v2\/types\/post"}],"author":[{"embeddable":true,"href":"https:\/\/www.europesays.com\/pt\/wp-json\/wp\/v2\/users\/2"}],"replies":[{"embeddable":true,"href":"https:\/\/www.europesays.com\/pt\/wp-json\/wp\/v2\/comments?post=85037"}],"version-history":[{"count":0,"href":"https:\/\/www.europesays.com\/pt\/wp-json\/wp\/v2\/posts\/85037\/revisions"}],"wp:featuredmedia":[{"embeddable":true,"href":"https:\/\/www.europesays.com\/pt\/wp-json\/wp\/v2\/media\/85038"}],"wp:attachment":[{"href":"https:\/\/www.europesays.com\/pt\/wp-json\/wp\/v2\/media?parent=85037"}],"wp:term":[{"taxonomy":"category","embeddable":true,"href":"https:\/\/www.europesays.com\/pt\/wp-json\/wp\/v2\/categories?post=85037"},{"taxonomy":"post_tag","embeddable":true,"href":"https:\/\/www.europesays.com\/pt\/wp-json\/wp\/v2\/tags?post=85037"}],"curies":[{"name":"wp","href":"https:\/\/api.w.org\/{rel}","templated":true}]}}