{"id":85040,"date":"2025-09-24T18:55:21","date_gmt":"2025-09-24T18:55:21","guid":{"rendered":"https:\/\/www.europesays.com\/pt\/85040\/"},"modified":"2025-09-24T18:55:21","modified_gmt":"2025-09-24T18:55:21","slug":"estreia-de-mourinho-na-luz-com-reforcos","status":"publish","type":"post","link":"https:\/\/www.europesays.com\/pt\/85040\/","title":{"rendered":"Estreia de Mourinho na Luz com Refor\u00e7os"},"content":{"rendered":"<p>O Benfica cedeu esta segunda-feira um empate (1-1) em casa com o Rio Ave, em partida em atraso da jornada inaugural da I Liga, na estreia de Jos\u00e9 Mourinho como treinador visitado no novo Est\u00e1dio da Luz.<\/p>\n<p>J\u00e1 ap\u00f3s ter sido anulado um golo a Ant\u00f3nio Silva (\u00e0 passagem da hora de jogo), o m\u00e9dio ofensivo ucraniano Sudakov abriu o ativo aos 86 minutos, a passe de outro dos refor\u00e7os de \u00faltima hora dos encarnados, o extremo belga Lukebakio.<\/p>\n","protected":false},"excerpt":{"rendered":"O Benfica cedeu esta segunda-feira um empate (1-1) em casa com o Rio Ave, em partida em atraso&hellip;\n","protected":false},"author":2,"featured_media":85041,"comment_status":"","ping_status":"","sticky":false,"template":"","format":"standard","meta":{"footnotes":""},"categories":[8],"tags":[51,27,28,15,16,14,281,25,26,21,22,12,13,19,20,32,23,24,33,9819,17,18,29,30,31],"class_list":{"0":"post-85040","1":"post","2":"type-post","3":"status-publish","4":"format-standard","5":"has-post-thumbnail","7":"category-principais-noticias","8":"tag-benfica","9":"tag-breaking-news","10":"tag-breakingnews","11":"tag-featured-news","12":"tag-featurednews","13":"tag-headlines","14":"tag-i-liga","15":"tag-latest-news","16":"tag-latestnews","17":"tag-main-news","18":"tag-mainnews","19":"tag-news","20":"tag-noticias","21":"tag-noticias-principais","22":"tag-noticiasprincipais","23":"tag-portugal","24":"tag-principais-noticias","25":"tag-principaisnoticias","26":"tag-pt","27":"tag-rio-ave","28":"tag-top-stories","29":"tag-topstories","30":"tag-ultimas","31":"tag-ultimas-noticias","32":"tag-ultimasnoticias"},"share_on_mastodon":{"url":"","error":""},"_links":{"self":[{"href":"https:\/\/www.europesays.com\/pt\/wp-json\/wp\/v2\/posts\/85040","targetHints":{"allow":["GET"]}}],"collection":[{"href":"https:\/\/www.europesays.com\/pt\/wp-json\/wp\/v2\/posts"}],"about":[{"href":"https:\/\/www.europesays.com\/pt\/wp-json\/wp\/v2\/types\/post"}],"author":[{"embeddable":true,"href":"https:\/\/www.europesays.com\/pt\/wp-json\/wp\/v2\/users\/2"}],"replies":[{"embeddable":true,"href":"https:\/\/www.europesays.com\/pt\/wp-json\/wp\/v2\/comments?post=85040"}],"version-history":[{"count":0,"href":"https:\/\/www.europesays.com\/pt\/wp-json\/wp\/v2\/posts\/85040\/revisions"}],"wp:featuredmedia":[{"embeddable":true,"href":"https:\/\/www.europesays.com\/pt\/wp-json\/wp\/v2\/media\/85041"}],"wp:attachment":[{"href":"https:\/\/www.europesays.com\/pt\/wp-json\/wp\/v2\/media?parent=85040"}],"wp:term":[{"taxonomy":"category","embeddable":true,"href":"https:\/\/www.europesays.com\/pt\/wp-json\/wp\/v2\/categories?post=85040"},{"taxonomy":"post_tag","embeddable":true,"href":"https:\/\/www.europesays.com\/pt\/wp-json\/wp\/v2\/tags?post=85040"}],"curies":[{"name":"wp","href":"https:\/\/api.w.org\/{rel}","templated":true}]}}