{"id":85042,"date":"2025-09-24T18:56:10","date_gmt":"2025-09-24T18:56:10","guid":{"rendered":"https:\/\/www.europesays.com\/pt\/85042\/"},"modified":"2025-09-24T18:56:10","modified_gmt":"2025-09-24T18:56:10","slug":"neto-de-ana-maria-braga-aspira-apito-e-vai-parar-no-hospital-veja-video","status":"publish","type":"post","link":"https:\/\/www.europesays.com\/pt\/85042\/","title":{"rendered":"Neto de Ana Maria Braga aspira apito e vai parar no hospital; veja v\u00eddeo"},"content":{"rendered":"<p>\n                        Varuna, de 4 anos, filho de Mariana Maffeis, precisou de broncoscopia sob anestesia geral; fam\u00edlia relata susto e recupera\u00e7\u00e3o tranquila\n                    <\/p>\n<p class=\"text\">\n<p class=\"text\">Varuna, neto de <b>Ana Maria Braga<\/b> e filho de<b> <\/b><b>Mariana Maffeis<\/b> e <b>Badarik<\/b>, precisou ser internado recentemente ap\u00f3s aspirar um apito de brinquedo. O incidente chamou a aten\u00e7\u00e3o da fam\u00edlia e levou o menino, de 4 anos, a passar por um procedimento m\u00e9dico sob anestesia geral.<\/p>\n<p class=\"text\">Em um v\u00eddeo publicado nas redes sociais, Mariana Maffeis explicou que o filho come\u00e7ou a emitir som de apito pelo nariz depois que o objeto entrou em seu corpo. Inicialmente, acreditava-se que o apito estivesse nas vias a\u00e9reas superiores, e o garoto passou por uma nasoendoscopia no hospital, sem que o objeto fosse localizado.<\/p>\n<p class=\"text\">A fam\u00edlia ent\u00e3o imaginou que o apito teria sido engolido e poderia ser eliminado naturalmente. No entanto, durante a noite, Varuna voltou a emitir sons de apito ao respirar, levando Mariana a procurar novamente o hospital. Os m\u00e9dicos determinaram que seria necess\u00e1ria uma broncoscopia, procedimento realizado sob anestesia geral para localizar e remover objetos do pulm\u00e3o.<\/p>\n<p class=\"text\">O apito foi retirado com sucesso e o procedimento foi r\u00e1pido. Varuna se recuperou bem e j\u00e1 se encontra no s\u00edtio da fam\u00edlia, brincando normalmente com os irm\u00e3os Joana, Maria e Hima.<\/p>\n<p><img loading=\"lazy\" decoding=\"async\" alt=\"Ana Maria Braga e Varuna\" class=\"img-eb5237e2f62082f70836414b8b7da431e8tv4h2b\" height=\"999\" src=\"https:\/\/www.europesays.com\/pt\/wp-content\/uploads\/2025\/09\/976310043-jzhatjmwpze7fku6t7sp3kpk5e.png\"  title=\"Ana Maria Braga e Varuna\" width=\"774\"\/><\/p>\n<p>Ana Maria Braga e Varuna<\/p>\n<p>Foto: @maffeismariana via Instagram \/ Estad\u00e3o<\/p>\n<p class=\"text\">Em sua publica\u00e7\u00e3o, Mariana desabafou sobre o susto e ressaltou a sa\u00fade do filho. &#8220;Eu estava muito abalada. De repente as coisas saem do controle assim&#8221;, disse, acrescentando: &#8220;O Varuna tem uma sa\u00fade excelente porque \u00e9 uma crian\u00e7a muito bem cuidada, se alimenta bem, tem o dia a dia muito saud\u00e1vel. Estamos nos recuperando. Ele est\u00e1 forte como nunca&#8221;.<\/p>\n","protected":false},"excerpt":{"rendered":"Varuna, de 4 anos, filho de Mariana Maffeis, precisou de broncoscopia sob anestesia geral; fam\u00edlia relata susto e&hellip;\n","protected":false},"author":2,"featured_media":85043,"comment_status":"","ping_status":"","sticky":false,"template":"","format":"standard","meta":{"footnotes":""},"categories":[145],"tags":[752,211,210,114,115,21575,32,33],"class_list":{"0":"post-85042","1":"post","2":"type-post","3":"status-publish","4":"format-standard","5":"has-post-thumbnail","7":"category-celebridades","8":"tag-ana-maria-braga","9":"tag-celebridades","10":"tag-celebrities","11":"tag-entertainment","12":"tag-entretenimento","13":"tag-mariana-maffeis","14":"tag-portugal","15":"tag-pt"},"share_on_mastodon":{"url":"","error":""},"_links":{"self":[{"href":"https:\/\/www.europesays.com\/pt\/wp-json\/wp\/v2\/posts\/85042","targetHints":{"allow":["GET"]}}],"collection":[{"href":"https:\/\/www.europesays.com\/pt\/wp-json\/wp\/v2\/posts"}],"about":[{"href":"https:\/\/www.europesays.com\/pt\/wp-json\/wp\/v2\/types\/post"}],"author":[{"embeddable":true,"href":"https:\/\/www.europesays.com\/pt\/wp-json\/wp\/v2\/users\/2"}],"replies":[{"embeddable":true,"href":"https:\/\/www.europesays.com\/pt\/wp-json\/wp\/v2\/comments?post=85042"}],"version-history":[{"count":0,"href":"https:\/\/www.europesays.com\/pt\/wp-json\/wp\/v2\/posts\/85042\/revisions"}],"wp:featuredmedia":[{"embeddable":true,"href":"https:\/\/www.europesays.com\/pt\/wp-json\/wp\/v2\/media\/85043"}],"wp:attachment":[{"href":"https:\/\/www.europesays.com\/pt\/wp-json\/wp\/v2\/media?parent=85042"}],"wp:term":[{"taxonomy":"category","embeddable":true,"href":"https:\/\/www.europesays.com\/pt\/wp-json\/wp\/v2\/categories?post=85042"},{"taxonomy":"post_tag","embeddable":true,"href":"https:\/\/www.europesays.com\/pt\/wp-json\/wp\/v2\/tags?post=85042"}],"curies":[{"name":"wp","href":"https:\/\/api.w.org\/{rel}","templated":true}]}}