{"id":85050,"date":"2025-09-24T19:02:08","date_gmt":"2025-09-24T19:02:08","guid":{"rendered":"https:\/\/www.europesays.com\/pt\/85050\/"},"modified":"2025-09-24T19:02:08","modified_gmt":"2025-09-24T19:02:08","slug":"fc-porto-recuperados-alberto-e-martim-seguem-viagem-para-a-austria","status":"publish","type":"post","link":"https:\/\/www.europesays.com\/pt\/85050\/","title":{"rendered":"FC Porto: recuperados Alberto e Martim seguem viagem para a \u00c1ustria"},"content":{"rendered":"<p style=\"margin-bottom:11px\">Com os recuperados Alberto Costa e Martim Fernandes, mas tamb\u00e9m o mais recente refor\u00e7o Yann Karamoh, na comitiva, o FC Porto partiu, esta quarta-feira, para a \u00c1ustria, onde vai defrontar, na quinta, o Salzburgo, para a primeira jornada da fase liga da Liga Europa.<\/p>\n<p>Tamb\u00e9m Alan Varela, que apresentou queixas f\u00edsicas no jogo com o Rio Ave da passada sexta-feira, segue viagem, juntamente com os jovens Gabriel Br\u00e1s e Jo\u00e3o Teixeira, da equipa B portista.\u00a0<\/p>\n<blockquote class=\"twitter-tweet\">\n<p lang=\"es\">\ud83d\udd1c \u00c1ustria <a href=\"https:\/\/t.co\/tP2I5yICfa\" rel=\"nofollow\">pic.twitter.com\/tP2I5yICfa<\/a><\/p>\n<p> \u2014 FC Porto (@FCPorto)<br \/>\n  <a href=\"https:\/\/twitter.com\/FCPorto\/status\/1970850249368605056?ref_src=twsrc%5Etfw\" rel=\"nofollow noopener\" target=\"_blank\">September 24, 2025<\/a>\n <\/p><\/blockquote>\n<p>Francesco Farioli, treinador do FC Porto, que teve direito a uma dedicat\u00f3ria musical no Aeroporto Francisco S\u00e1 Carneiro, convocou 26 jogadores para o jogo com o Salzburgo, entre eles o castigado Stephen Eust\u00e1quio e Karamoh, refor\u00e7o de \u00faltima hora dos Drag\u00f5es, que n\u00e3o est\u00e1 inscrito nas competi\u00e7\u00f5es europeias.<\/p>\n<p>Em terra ficaram os lesionados Nehu\u00e9n P\u00e9rez e Luuk de Jong.<\/p>\n<p>O jogo entre Salzburgo e FC Porto est\u00e1 agendado para as 20h00 da pr\u00f3xima quinta-feira e <a href=\"https:\/\/maisfutebol.iol.pt\/jogo\/salzburgo\/fc-porto\/13830363\" target=\"_blank\" rel=\"nofollow noopener\">tem acompanhamento, ao minuto<\/a>, no <strong>Maisfutebol<\/strong>.<\/p>\n<p> Lista de convocados do FC Porto: <\/p>\n<p><strong>Guarda-redes:<\/strong> Diogo Costa, Cl\u00e1udio Ramos e Jo\u00e3o Costa.<\/p>\n<p><strong>Defesas:\u00a0<\/strong>Francisco Moura, Zaidu, Pablo Rosario, Martim Fernandes, Alberto Costa, Pedro Lima, Bednarek, Dominik Prpi\u0107, Jakub Kiwior e\u00a0Gabriel Br\u00e1s.<\/p>\n<p><strong>M\u00e9dios:<\/strong>\u00a0Alan Varela, Victor Froholdt, Gabri Veiga, Rodrigo Mora, Eust\u00e1quio e Jo\u00e3o Teixeira.<\/p>\n<p><strong>Avan\u00e7ados:<\/strong>\u00a0Yann Karamoh, William Gomes, \u00c1ngel Alarc\u00f3n, Borja Sainz, Pep\u00ea, Deniz G\u00fcl e Samu.<\/p>\n<p><strong>J\u00e1 segue o <a href=\"https:\/\/eur05.safelinks.protection.outlook.com\/?url=http%3A%2F%2Fwhatsapp.com%2Fchannel%2F0029Va9lGKPGOj9nW79Pd117&amp;data=05%7C02%7Craasantos%40tvi.pt%7Cc89f401601d045b5d75d08ddfa7d0fda%7C13331a74bf1340369e500c52b4b83749%7C0%7C0%7C638942137220564686%7CUnknown%7CTWFpbGZsb3d8eyJFbXB0eU1hcGkiOnRydWUsIlYiOiIwLjAuMDAwMCIsIlAiOiJXaW4zMiIsIkFOIjoiTWFpbCIsIldUIjoyfQ%3D%3D%7C0%7C%7C%7C&amp;sdata=mvt8EGfiWBV0qeIQuLOH0DoFHBsFUuXU6%2FsJwNPYMQk%3D&amp;reserved=0\" title=\"whatsapp.com\/channel\/0029Va9lGKPGOj9nW79Pd117\" rel=\"nofollow noopener\" target=\"_blank\">canal de Whatsapp do Maisfutebol<\/a>?<\/strong><\/p>\n<p>                                <script async src=\"https:\/\/platform.twitter.com\/widgets.js\" charset=\"utf-8\"><\/script><\/p>\n","protected":false},"excerpt":{"rendered":"Com os recuperados Alberto Costa e Martim Fernandes, mas tamb\u00e9m o mais recente refor\u00e7o Yann Karamoh, na comitiva,&hellip;\n","protected":false},"author":2,"featured_media":85051,"comment_status":"","ping_status":"","sticky":false,"template":"","format":"standard","meta":{"footnotes":""},"categories":[87],"tags":[580,1146,135,282,1011,524,137,1356,46,9053,32,33,47,18937,134,13580,19660],"class_list":{"0":"post-85050","1":"post","2":"type-post","3":"status-publish","4":"format-standard","5":"has-post-thumbnail","7":"category-desporto","8":"tag-alberto-costa","9":"tag-austria","10":"tag-desporto","11":"tag-fc-porto","12":"tag-francesco-farioli","13":"tag-futebol","14":"tag-liga-europa","15":"tag-mais-futebol","16":"tag-maisfutebol","17":"tag-martim-fernandes","18":"tag-portugal","19":"tag-pt","20":"tag-pura-paixao","21":"tag-salzburgo","22":"tag-sports","23":"tag-stephen-eustaquio","24":"tag-yann-karamoh"},"share_on_mastodon":{"url":"","error":""},"_links":{"self":[{"href":"https:\/\/www.europesays.com\/pt\/wp-json\/wp\/v2\/posts\/85050","targetHints":{"allow":["GET"]}}],"collection":[{"href":"https:\/\/www.europesays.com\/pt\/wp-json\/wp\/v2\/posts"}],"about":[{"href":"https:\/\/www.europesays.com\/pt\/wp-json\/wp\/v2\/types\/post"}],"author":[{"embeddable":true,"href":"https:\/\/www.europesays.com\/pt\/wp-json\/wp\/v2\/users\/2"}],"replies":[{"embeddable":true,"href":"https:\/\/www.europesays.com\/pt\/wp-json\/wp\/v2\/comments?post=85050"}],"version-history":[{"count":0,"href":"https:\/\/www.europesays.com\/pt\/wp-json\/wp\/v2\/posts\/85050\/revisions"}],"wp:featuredmedia":[{"embeddable":true,"href":"https:\/\/www.europesays.com\/pt\/wp-json\/wp\/v2\/media\/85051"}],"wp:attachment":[{"href":"https:\/\/www.europesays.com\/pt\/wp-json\/wp\/v2\/media?parent=85050"}],"wp:term":[{"taxonomy":"category","embeddable":true,"href":"https:\/\/www.europesays.com\/pt\/wp-json\/wp\/v2\/categories?post=85050"},{"taxonomy":"post_tag","embeddable":true,"href":"https:\/\/www.europesays.com\/pt\/wp-json\/wp\/v2\/tags?post=85050"}],"curies":[{"name":"wp","href":"https:\/\/api.w.org\/{rel}","templated":true}]}}