{"id":85054,"date":"2025-09-24T19:04:23","date_gmt":"2025-09-24T19:04:23","guid":{"rendered":"https:\/\/www.europesays.com\/pt\/85054\/"},"modified":"2025-09-24T19:04:23","modified_gmt":"2025-09-24T19:04:23","slug":"victoria-guerra-celebra-nascimento-do-primeiro-filho","status":"publish","type":"post","link":"https:\/\/www.europesays.com\/pt\/85054\/","title":{"rendered":"Victoria Guerra celebra nascimento do primeiro filho"},"content":{"rendered":"<p>Com um percurso reconhecido no cinema portugu\u00eas e atualmente em antena na novela &#8220;A Promessa&#8221;, Victoria Guerra j\u00e1 se estreou na maternidade.<\/p>\n<p data-remotead-prev-elm=\"true\" data-remotead-elm-id=\"inread\">O primeiro filho nasceu a 15 de setembro, mas apenas esta segunda-feira a atriz decidiu partilhar o momento com quem a acompanha, divulgando as primeiras imagens do rec\u00e9m-nascido, acompanhadas por uma frase curta, mas cheia de significado: &#8220;Uma semana de amor incondicional.&#8221;<\/p>\n<p>Foi em em maio que Victoria revelou a gravidez em pleno Dia da M\u00e3e. A atriz engravidou logo ap\u00f3s terminar as grava\u00e7\u00f5es da novela &#8220;A Promessa&#8221;, ainda em exibi\u00e7\u00e3o na SIC.<\/p>\n<p data-remotead-prev-elm=\"true\" data-remotead-elm-id=\"centro1\">Um m\u00eas depois, em entrevista a Andreia Rodrigues, a artista confessou que a not\u00edcia a surpreendeu e transformou: &#8220;Quando descobri foi superm\u00e1gico. Estou mais feliz do que alguma vez estive na vida. Nunca quis ser m\u00e3e, nunca tive esse desejo e, de repente, sinto que nasci para isto.&#8221;<\/p>\n<p>O an\u00fancio do nascimento foi recebido com entusiasmo e ternura. In\u00eas Aires Pereira, Louren\u00e7o Ortig\u00e3o, Francisco Froes, Tiago Aldeia e Diogo Amaral juntaram-se aos que felicitaram Victoria Guerra por j\u00e1 ter o filho nos bra\u00e7os.<\/p>\n","protected":false},"excerpt":{"rendered":"Com um percurso reconhecido no cinema portugu\u00eas e atualmente em antena na novela &#8220;A Promessa&#8221;, Victoria Guerra j\u00e1&hellip;\n","protected":false},"author":2,"featured_media":85055,"comment_status":"","ping_status":"","sticky":false,"template":"","format":"standard","meta":{"footnotes":""},"categories":[85],"tags":[813,114,115,2558,32,33,4226],"class_list":{"0":"post-85054","1":"post","2":"type-post","3":"status-publish","4":"format-standard","5":"has-post-thumbnail","7":"category-entretenimento","8":"tag-atriz","9":"tag-entertainment","10":"tag-entretenimento","11":"tag-maternidade","12":"tag-portugal","13":"tag-pt","14":"tag-victoria-guerra"},"share_on_mastodon":{"url":"","error":""},"_links":{"self":[{"href":"https:\/\/www.europesays.com\/pt\/wp-json\/wp\/v2\/posts\/85054","targetHints":{"allow":["GET"]}}],"collection":[{"href":"https:\/\/www.europesays.com\/pt\/wp-json\/wp\/v2\/posts"}],"about":[{"href":"https:\/\/www.europesays.com\/pt\/wp-json\/wp\/v2\/types\/post"}],"author":[{"embeddable":true,"href":"https:\/\/www.europesays.com\/pt\/wp-json\/wp\/v2\/users\/2"}],"replies":[{"embeddable":true,"href":"https:\/\/www.europesays.com\/pt\/wp-json\/wp\/v2\/comments?post=85054"}],"version-history":[{"count":0,"href":"https:\/\/www.europesays.com\/pt\/wp-json\/wp\/v2\/posts\/85054\/revisions"}],"wp:featuredmedia":[{"embeddable":true,"href":"https:\/\/www.europesays.com\/pt\/wp-json\/wp\/v2\/media\/85055"}],"wp:attachment":[{"href":"https:\/\/www.europesays.com\/pt\/wp-json\/wp\/v2\/media?parent=85054"}],"wp:term":[{"taxonomy":"category","embeddable":true,"href":"https:\/\/www.europesays.com\/pt\/wp-json\/wp\/v2\/categories?post=85054"},{"taxonomy":"post_tag","embeddable":true,"href":"https:\/\/www.europesays.com\/pt\/wp-json\/wp\/v2\/tags?post=85054"}],"curies":[{"name":"wp","href":"https:\/\/api.w.org\/{rel}","templated":true}]}}