{"id":85056,"date":"2025-09-24T19:08:15","date_gmt":"2025-09-24T19:08:15","guid":{"rendered":"https:\/\/www.europesays.com\/pt\/85056\/"},"modified":"2025-09-24T19:08:15","modified_gmt":"2025-09-24T19:08:15","slug":"papa-reconhecer-a-palestina-ajuda-mas-o-dialogo-esta-interrompido","status":"publish","type":"post","link":"https:\/\/www.europesays.com\/pt\/85056\/","title":{"rendered":"Papa: reconhecer a Palestina ajuda, mas o di\u00e1logo est\u00e1 interrompido"},"content":{"rendered":"<p>Como nas semanas precedentes, o Pont\u00edfice foi a Castel Gandolfo na segunda e regressou ao Vaticano na noite de ter\u00e7a-feira, 23 de setembro. Ao deixar a resid\u00eancia pontif\u00edcia, parou para falar com os jornalistas a respeito dos conflitos no Oriente M\u00e9dio e na Europa. <\/p>\n<p><b>Vatican News<\/b><\/p>\n<p>Em frente ao pal\u00e1cio Barberini, resid\u00eancia do Papa em Castel Gandolfo, jornalistas que aguardavam a sa\u00edda do Pont\u00edfice tiveram a oportunidade de fazer a ele algumas perguntas a respeito principalmente da situa\u00e7\u00e3o em Gaza e das recentes ofensivas militares russas.<\/p>\n<p>Sobre o reconhecimento do Estado da Palestina por parte da Fran\u00e7a, o Santo Padre acredita que os Estados Unidos ser\u00e3o os \u00faltimos a faz\u00ea-lo. E reiterou a posi\u00e7\u00e3o da Santa S\u00e9, que h\u00e1 anos reconhece a solu\u00e7\u00e3o dos dois Estados. Contudo, afirmou, neste momento a quest\u00e3o crucial \u00e9 o di\u00e1logo que foi interrompido.<\/p>\n<p>Le\u00e3o XIV disse ainda que contatou esta tarde a comunidade da par\u00f3quia cat\u00f3lica da Sagrada Fam\u00edlia e que est\u00e3o todos bem, n\u00e3o obstante os bombardeios estejam se aproximando cada vez mais da estrutura.\u00a0<\/p>\n<p>Quanto \u00e0 crise na Europa, afirmou que buscar uma escalada da viol\u00eancia \u00e9 perigoso e insistiu na necessidade de abandonar as armas e os avan\u00e7os militares e sentar-se \u00e0 mesa de negocia\u00e7\u00e3o. \u201cA Europa realmente unida poderia fazer muito\u201d, declarou.\u00a0<\/p>\n<p>Na frente diplom\u00e1tica, o Papa afirmou que a Santa S\u00e9 est\u00e1 em cont\u00ednuo contato com embaixadores e busca solu\u00e7\u00f5es com os chefes de Estado.<\/p>\n","protected":false},"excerpt":{"rendered":"Como nas semanas precedentes, o Pont\u00edfice foi a Castel Gandolfo na segunda e regressou ao Vaticano na noite&hellip;\n","protected":false},"author":2,"featured_media":85057,"comment_status":"","ping_status":"","sticky":false,"template":"","format":"standard","meta":{"footnotes":""},"categories":[50],"tags":[27,28,235,15,16,14,259,25,26,21,22,62,12,13,19,20,431,811,806,23,24,17,18,840,29,30,31,63,64,65],"class_list":{"0":"post-85056","1":"post","2":"type-post","3":"status-publish","4":"format-standard","5":"has-post-thumbnail","7":"category-mundo","8":"tag-breaking-news","9":"tag-breakingnews","10":"tag-estados-unidos","11":"tag-featured-news","12":"tag-featurednews","13":"tag-headlines","14":"tag-israel","15":"tag-latest-news","16":"tag-latestnews","17":"tag-main-news","18":"tag-mainnews","19":"tag-mundo","20":"tag-news","21":"tag-noticias","22":"tag-noticias-principais","23":"tag-noticiasprincipais","24":"tag-palestina","25":"tag-papa-leao-xiv","26":"tag-paz","27":"tag-principais-noticias","28":"tag-principaisnoticias","29":"tag-top-stories","30":"tag-topstories","31":"tag-ucrania","32":"tag-ultimas","33":"tag-ultimas-noticias","34":"tag-ultimasnoticias","35":"tag-world","36":"tag-world-news","37":"tag-worldnews"},"share_on_mastodon":{"url":"","error":""},"_links":{"self":[{"href":"https:\/\/www.europesays.com\/pt\/wp-json\/wp\/v2\/posts\/85056","targetHints":{"allow":["GET"]}}],"collection":[{"href":"https:\/\/www.europesays.com\/pt\/wp-json\/wp\/v2\/posts"}],"about":[{"href":"https:\/\/www.europesays.com\/pt\/wp-json\/wp\/v2\/types\/post"}],"author":[{"embeddable":true,"href":"https:\/\/www.europesays.com\/pt\/wp-json\/wp\/v2\/users\/2"}],"replies":[{"embeddable":true,"href":"https:\/\/www.europesays.com\/pt\/wp-json\/wp\/v2\/comments?post=85056"}],"version-history":[{"count":0,"href":"https:\/\/www.europesays.com\/pt\/wp-json\/wp\/v2\/posts\/85056\/revisions"}],"wp:featuredmedia":[{"embeddable":true,"href":"https:\/\/www.europesays.com\/pt\/wp-json\/wp\/v2\/media\/85057"}],"wp:attachment":[{"href":"https:\/\/www.europesays.com\/pt\/wp-json\/wp\/v2\/media?parent=85056"}],"wp:term":[{"taxonomy":"category","embeddable":true,"href":"https:\/\/www.europesays.com\/pt\/wp-json\/wp\/v2\/categories?post=85056"},{"taxonomy":"post_tag","embeddable":true,"href":"https:\/\/www.europesays.com\/pt\/wp-json\/wp\/v2\/tags?post=85056"}],"curies":[{"name":"wp","href":"https:\/\/api.w.org\/{rel}","templated":true}]}}